{"id":61903,"date":"2019-12-16T23:23:14","date_gmt":"2019-12-17T04:23:14","guid":{"rendered":"http:\/\/elinformanteperu.com\/?p=61903"},"modified":"2019-12-16T23:23:14","modified_gmt":"2019-12-17T04:23:14","slug":"asi-se-vive-el-ambiente-navideno-en-chiclayo","status":"publish","type":"post","link":"https:\/\/elinformanteperu.com\/index.php\/2019\/12\/16\/asi-se-vive-el-ambiente-navideno-en-chiclayo\/","title":{"rendered":"As\u00ed se vive el ambiente navide\u00f1o en Chiclayo"},"content":{"rendered":"<p><span style=\"color: #000000;\"><strong>La instalaci\u00f3n del nacimiento del ni\u00f1o Jes\u00fas y un \u00e1rbol artificial de 15 metros con motivos navide\u00f1os es el atractivo de la ciudad de Chiclayo y atenci\u00f3n de los lugare\u00f1os y turistas.<\/strong><\/span><\/p>\n<p><span style=\"color: #000000;\"><strong>Lima, 16 Diciembre 2019, (ANDINA).-<\/strong> La instalaci\u00f3n del nacimiento del ni\u00f1o Jes\u00fas y un \u00e1rbol artificial de 15 metros con motivos navide\u00f1os en el parque principal de la ciudad de Chiclayo, capital de la regi\u00f3n Lambayeque, concita la atenci\u00f3n de los lugare\u00f1os y turistas, que hacen un alto a su paso para tomarse fotograf\u00edas.<\/span><\/p>\n<p><span style=\"color: #000000;\">Desde tempranas horas se observa a numerosas personas esperando para tomarse fotos, que tienen como centro de atenci\u00f3n el colorido nacimiento instalado en la p\u00e9rgola del parque principal de la Ciudad de la Amistad.<\/span><\/p>\n<p><span style=\"color: #000000;\">Este espacio se ha convertido en una vitrina publicitaria de la ciudad de Chiclayo, pues las personas cuelgan de inmediato en las redes sociales sus fotograf\u00edas con el atractivo navide\u00f1o.<\/span><\/p>\n<p><img fetchpriority=\"high\" decoding=\"async\" class=\"aligncenter size-full wp-image-61905\" src=\"http:\/\/elinformanteperu.com\/wp-content\/uploads\/2019\/12\/chiclayo-navidad.jpg\" alt=\"\" width=\"1800\" height=\"1200\" srcset=\"https:\/\/elinformanteperu.com\/wp-content\/uploads\/2019\/12\/chiclayo-navidad.jpg 1800w, https:\/\/elinformanteperu.com\/wp-content\/uploads\/2019\/12\/chiclayo-navidad-300x200.jpg 300w, https:\/\/elinformanteperu.com\/wp-content\/uploads\/2019\/12\/chiclayo-navidad-1024x683.jpg 1024w, https:\/\/elinformanteperu.com\/wp-content\/uploads\/2019\/12\/chiclayo-navidad-768x512.jpg 768w, https:\/\/elinformanteperu.com\/wp-content\/uploads\/2019\/12\/chiclayo-navidad-1536x1024.jpg 1536w, https:\/\/elinformanteperu.com\/wp-content\/uploads\/2019\/12\/chiclayo-navidad-128x85.jpg 128w, https:\/\/elinformanteperu.com\/wp-content\/uploads\/2019\/12\/chiclayo-navidad-32x21.jpg 32w\" sizes=\"(max-width: 1800px) 100vw, 1800px\" \/><span style=\"color: #000000;\">El \u00e1rbol principal est\u00e1 ubicado en el centro del parque y ha sido acondicionado por Electronorte S.A. (Ensa). \u201cSe trata de un \u00e1rbol artificial que mide 15 metros de alto por seis de di\u00e1metro\u201d, anot\u00f3 una fuente del municipio provincial de Chiclayo.<\/span><\/p>\n<p><span style=\"color: #000000;\">En los \u00faltimos diez a\u00f1os, los 34 \u00e1rboles naturales del parque principal de Chiclayo fueron decorados e iluminados por empresas locales, como parte del Festival de Luces y Colores de la Navidad.<\/span><\/p>\n<p><span style=\"color: #000000;\">Sin embargo, el alcalde provincial de Chiclayo, Marcos Gasco, dispuso que este a\u00f1o no se hiciera la decoraci\u00f3n de los \u00e1rboles para evitar la agresi\u00f3n a la naturaleza.<\/span><\/p>\n","protected":false},"excerpt":{"rendered":"<p>La instalaci\u00f3n del nacimiento del ni\u00f1o Jes\u00fas y un \u00e1rbol artificial de 15 metros con motivos navide\u00f1os es el atractivo de la ciudad de Chiclayo y atenci\u00f3n de los lugare\u00f1os y turistas. Lima, 16 Diciembre 2019, (ANDINA).- La instalaci\u00f3n del nacimiento del ni\u00f1o Jes\u00fas y un \u00e1rbol artificial de 15 metros con motivos navide\u00f1os en [&hellip;]<\/p>\n","protected":false},"author":1,"featured_media":61904,"comment_status":"open","ping_status":"open","sticky":false,"template":"","format":"standard","meta":{"rop_custom_images_group":[],"rop_custom_messages_group":[],"rop_publish_now":"initial","rop_publish_now_accounts":[],"rop_publish_now_history":[],"rop_publish_now_status":"pending","footnotes":""},"categories":[10],"tags":[3729,2588],"class_list":["post-61903","post","type-post","status-publish","format-standard","has-post-thumbnail","hentry","category-actualidad-municipal","tag-chiclayo","tag-navidad"],"_links":{"self":[{"href":"https:\/\/elinformanteperu.com\/index.php\/wp-json\/wp\/v2\/posts\/61903","targetHints":{"allow":["GET"]}}],"collection":[{"href":"https:\/\/elinformanteperu.com\/index.php\/wp-json\/wp\/v2\/posts"}],"about":[{"href":"https:\/\/elinformanteperu.com\/index.php\/wp-json\/wp\/v2\/types\/post"}],"author":[{"embeddable":true,"href":"https:\/\/elinformanteperu.com\/index.php\/wp-json\/wp\/v2\/users\/1"}],"replies":[{"embeddable":true,"href":"https:\/\/elinformanteperu.com\/index.php\/wp-json\/wp\/v2\/comments?post=61903"}],"version-history":[{"count":1,"href":"https:\/\/elinformanteperu.com\/index.php\/wp-json\/wp\/v2\/posts\/61903\/revisions"}],"predecessor-version":[{"id":61906,"href":"https:\/\/elinformanteperu.com\/index.php\/wp-json\/wp\/v2\/posts\/61903\/revisions\/61906"}],"wp:featuredmedia":[{"embeddable":true,"href":"https:\/\/elinformanteperu.com\/index.php\/wp-json\/wp\/v2\/media\/61904"}],"wp:attachment":[{"href":"https:\/\/elinformanteperu.com\/index.php\/wp-json\/wp\/v2\/media?parent=61903"}],"wp:term":[{"taxonomy":"category","embeddable":true,"href":"https:\/\/elinformanteperu.com\/index.php\/wp-json\/wp\/v2\/categories?post=61903"},{"taxonomy":"post_tag","embeddable":true,"href":"https:\/\/elinformanteperu.com\/index.php\/wp-json\/wp\/v2\/tags?post=61903"}],"curies":[{"name":"wp","href":"https:\/\/api.w.org\/{rel}","templated":true}]}}