{"id":61900,"date":"2019-12-16T23:00:02","date_gmt":"2019-12-17T04:00:02","guid":{"rendered":"http:\/\/elinformanteperu.com\/?p=61900"},"modified":"2019-12-16T23:00:02","modified_gmt":"2019-12-17T04:00:02","slug":"solano-asegura-que-la-seleccion-sub-23-desea-escribir-su-propia-historia","status":"publish","type":"post","link":"https:\/\/elinformanteperu.com\/index.php\/2019\/12\/16\/solano-asegura-que-la-seleccion-sub-23-desea-escribir-su-propia-historia\/","title":{"rendered":"Solano asegura que la selecci\u00f3n Sub-23 desea escribir su propia historia"},"content":{"rendered":"<p><strong><span style=\"color: #000000;\">El t\u00e9cnico de la selecci\u00f3n Sub-23, Nolberto Solano, asegur\u00f3 que su equipo llegar\u00e1 en buen nivel a disputar el torneo Preol\u00edmpico Colombia 2020.<\/span><\/strong><\/p>\n<p><span style=\"color: #000000;\"><strong>Lima, 16 Diciembre 2019, (ANDINA).-<\/strong> El t\u00e9cnico de la selecci\u00f3n Sub-23, Nolberto Solano, asegur\u00f3 que su equipo llegar\u00e1 en buen nivel a disputar el torneo Preol\u00edmpico Colombia 2020, que se jugar\u00e1 del 18 de enero al 9 de febrero en las ciudades de Armenia, Bucaramanga y Pereira.<\/span><\/p>\n<p><span style=\"color: #000000;\">\u00abLos jugadores de Alianza Lima se reitegraron hoy a los entrenamientos y, m\u00e1s all\u00e1 de su tristeza por perder el campeonato, todos est\u00e1n trabajando muy bien. Realmente existe muy buena predisposici\u00f3n y los muchachos est\u00e1n con todas las ganas de escribir su propia historia y no dudo que llegaremos en buen nivel al Preol\u00edmpico\u00bb, dijo Solano en conferencia de prensa.<\/span><\/p>\n<p><span style=\"color: #000000;\">Sobre los amistosos que jugar\u00e1 la escuadra nacional de la categor\u00eda ante Ecuador, el mi\u00e9rcoles 18 de diciembre, a las 16:00 horas, y el s\u00e1bado 21 en la Videna, dijo que la afici\u00f3n que quiera ir a ver el encuentro s\u00f3lo debe llevar un juguete que ser\u00e1n donados a un albergue.<\/span><\/p>\n<p><span style=\"color: #000000;\">El exjugador tambi\u00e9n anunci\u00f3 cotejos de preparaci\u00f3n con escuadras nacionales de El Salvador y Argentina<\/span><\/p>\n<p><span style=\"color: #000000;\">Solano no dud\u00f3 en se\u00f1alar que el objetivo principal de su equipo es ganar uno de los dos cupos que brinda el Preol\u00edmpico para los Juegos Ol\u00edmpicos Tokio 2020.<\/span><\/p>\n<p><span style=\"color: #000000;\">\u00abiremos paso a paso. Nuestro reto mayor es clasificar a las Olimpiadas de Tokio, aunque todos sabemos que ser\u00e1 complicado por los escasos cupos que tenemos. Pero, m\u00e1s all\u00e1 de ello, asumo este desaf\u00edo con mucha responsabilidad y el grupo me viene demostrando quiere conseguir cosas grandes\u00bb, puntualiz\u00f3 Nolberto Solano.<\/span><\/p>\n<p><span style=\"color: #000000;\">Per\u00fa se encuentra ubicado en el Grupo \u00abB\u00bb, junto a Brasil, Uruguay, Paraguay y Bolivia. Los dos mejores de cada grupo clasificar\u00e1 a una liguilla.<\/span><\/p>\n<p><img fetchpriority=\"high\" decoding=\"async\" class=\"aligncenter size-full wp-image-53445\" src=\"http:\/\/elinformanteperu.com\/wp-content\/uploads\/2019\/07\/Nolberto-Solano-Panamericanos.jpg\" alt=\"\" width=\"1800\" height=\"1200\" srcset=\"https:\/\/elinformanteperu.com\/wp-content\/uploads\/2019\/07\/Nolberto-Solano-Panamericanos.jpg 1800w, https:\/\/elinformanteperu.com\/wp-content\/uploads\/2019\/07\/Nolberto-Solano-Panamericanos-300x200.jpg 300w, https:\/\/elinformanteperu.com\/wp-content\/uploads\/2019\/07\/Nolberto-Solano-Panamericanos-768x512.jpg 768w, https:\/\/elinformanteperu.com\/wp-content\/uploads\/2019\/07\/Nolberto-Solano-Panamericanos-1024x683.jpg 1024w, https:\/\/elinformanteperu.com\/wp-content\/uploads\/2019\/07\/Nolberto-Solano-Panamericanos-128x85.jpg 128w, https:\/\/elinformanteperu.com\/wp-content\/uploads\/2019\/07\/Nolberto-Solano-Panamericanos-32x21.jpg 32w\" sizes=\"(max-width: 1800px) 100vw, 1800px\" \/><\/p>\n","protected":false},"excerpt":{"rendered":"<p>El t\u00e9cnico de la selecci\u00f3n Sub-23, Nolberto Solano, asegur\u00f3 que su equipo llegar\u00e1 en buen nivel a disputar el torneo Preol\u00edmpico Colombia 2020. Lima, 16 Diciembre 2019, (ANDINA).- El t\u00e9cnico de la selecci\u00f3n Sub-23, Nolberto Solano, asegur\u00f3 que su equipo llegar\u00e1 en buen nivel a disputar el torneo Preol\u00edmpico Colombia 2020, que se jugar\u00e1 del [&hellip;]<\/p>\n","protected":false},"author":1,"featured_media":61901,"comment_status":"open","ping_status":"open","sticky":false,"template":"","format":"standard","meta":{"rop_custom_images_group":[],"rop_custom_messages_group":[],"rop_publish_now":"initial","rop_publish_now_accounts":[],"rop_publish_now_history":[],"rop_publish_now_status":"pending","footnotes":""},"categories":[8],"tags":[804,4348],"class_list":["post-61900","post","type-post","status-publish","format-standard","has-post-thumbnail","hentry","category-disciplinas-deportivas","tag-nolberto-solano","tag-seleccion-sub-23"],"_links":{"self":[{"href":"https:\/\/elinformanteperu.com\/index.php\/wp-json\/wp\/v2\/posts\/61900","targetHints":{"allow":["GET"]}}],"collection":[{"href":"https:\/\/elinformanteperu.com\/index.php\/wp-json\/wp\/v2\/posts"}],"about":[{"href":"https:\/\/elinformanteperu.com\/index.php\/wp-json\/wp\/v2\/types\/post"}],"author":[{"embeddable":true,"href":"https:\/\/elinformanteperu.com\/index.php\/wp-json\/wp\/v2\/users\/1"}],"replies":[{"embeddable":true,"href":"https:\/\/elinformanteperu.com\/index.php\/wp-json\/wp\/v2\/comments?post=61900"}],"version-history":[{"count":1,"href":"https:\/\/elinformanteperu.com\/index.php\/wp-json\/wp\/v2\/posts\/61900\/revisions"}],"predecessor-version":[{"id":61902,"href":"https:\/\/elinformanteperu.com\/index.php\/wp-json\/wp\/v2\/posts\/61900\/revisions\/61902"}],"wp:featuredmedia":[{"embeddable":true,"href":"https:\/\/elinformanteperu.com\/index.php\/wp-json\/wp\/v2\/media\/61901"}],"wp:attachment":[{"href":"https:\/\/elinformanteperu.com\/index.php\/wp-json\/wp\/v2\/media?parent=61900"}],"wp:term":[{"taxonomy":"category","embeddable":true,"href":"https:\/\/elinformanteperu.com\/index.php\/wp-json\/wp\/v2\/categories?post=61900"},{"taxonomy":"post_tag","embeddable":true,"href":"https:\/\/elinformanteperu.com\/index.php\/wp-json\/wp\/v2\/tags?post=61900"}],"curies":[{"name":"wp","href":"https:\/\/api.w.org\/{rel}","templated":true}]}}