{"id":6170,"date":"2017-02-12T16:16:57","date_gmt":"2017-02-12T21:16:57","guid":{"rendered":"http:\/\/elinformanteperu.com\/?p=6170"},"modified":"2017-02-12T16:16:57","modified_gmt":"2017-02-12T21:16:57","slug":"benitez-dice-no-saber-donde-esta-toledo-ni-de-donde-lo-llama","status":"publish","type":"post","link":"https:\/\/elinformanteperu.com\/index.php\/2017\/02\/12\/benitez-dice-no-saber-donde-esta-toledo-ni-de-donde-lo-llama\/","title":{"rendered":"Ben\u00edtez dice no saber d\u00f3nde est\u00e1 Toledo ni de d\u00f3nde lo llama"},"content":{"rendered":"<p><strong>El abogado Heriberto Ben\u00edtez asegur\u00f3 desconocer d\u00f3nde se ubica el expresidente Alejandro Toledo, quien tiene orden de captura internacional por los sobornos de la empresa brasile\u00f1a Odebrecht.<\/strong><\/p>\n<p><strong>Lima, 12 Febrero 2017, (ANDINA).-<\/strong> El abogado Heriberto Ben\u00edtez asegur\u00f3 desconocer d\u00f3nde se ubica el expresidente Alejandro Toledo, quien tiene orden de captura internacional por los sobornos de la empresa brasile\u00f1a Odebrecht, ni el lugar desde d\u00f3nde lo llama para coordinar su defensa legal.<\/p>\n<p>Precis\u00f3 que el viernes \u00faltimo convers\u00f3 al medio d\u00eda con su patrocinado para comentarle la apelaci\u00f3n que formalizar\u00e1n a la orden de detenci\u00f3n preventiva por 18 meses y sobre la posibilidad de presentar un habeas corpus.<\/p>\n<p>\u201cQuedamos en conversar luego y no me llam\u00f3, no aparece el n\u00famero desde el cual llama, no se si llamar\u00e1 por Internet o por d\u00f3nde lo hace. No conozco su paradero, solo s\u00e9 que est\u00e1 fuera del pa\u00eds\u201d, refiri\u00f3 a la Agencia Andina.<\/p>\n<p>Toledo se encuentra en calidad de pr\u00f3fugo de la justicia peruana. Su esposa Eliane Karp public\u00f3 en d\u00edas pasados fotos en Par\u00eds, Francia, en tanto la Presidencia del Consejo de Ministros dijo tener informaci\u00f3n confiable de que estar\u00eda en Estados Unidos, por lo cual alert\u00f3 a las autoridades de ese pa\u00eds.<\/p>\n<p>Ben\u00edtez reiter\u00f3 que ha recomendado a su cliente no regresar al pa\u00eds porque \u201cno hay condiciones para enfrentar a la justicia\u201d.<\/p>\n<p>Asever\u00f3, asimismo, que en las conversaciones con su cliente \u00e9ste le asegur\u00f3 que no tiene ninguna relaci\u00f3n con los dep\u00f3sitos de 20 millones de d\u00f3lares que la empresa Odebrecht dijo haber realizado en las cuentas de su amigo Josef Maiman, como pago de sobornos por la licitaci\u00f3n de la carretera Interoce\u00e1nica.<\/p>\n<p>\u201cToledo dice que no tiene nada que ver con esos dep\u00f3sitos. \u201cNo recib\u00ed un sol de eso\u201d, me dijo y por eso me pidi\u00f3 que lo apoye con su defensa en la prisi\u00f3n preventiva. Fue tajante en eso\u201d, puntualiz\u00f3.<\/p>\n","protected":false},"excerpt":{"rendered":"<p>El abogado Heriberto Ben\u00edtez asegur\u00f3 desconocer d\u00f3nde se ubica el expresidente Alejandro Toledo, quien tiene orden de captura internacional por los sobornos de la empresa brasile\u00f1a Odebrecht. Lima, 12 Febrero 2017, (ANDINA).- El abogado Heriberto Ben\u00edtez asegur\u00f3 desconocer d\u00f3nde se ubica el expresidente Alejandro Toledo, quien tiene orden de captura internacional por los sobornos de [&hellip;]<\/p>\n","protected":false},"author":1,"featured_media":6171,"comment_status":"open","ping_status":"open","sticky":false,"template":"","format":"standard","meta":{"rop_custom_images_group":[],"rop_custom_messages_group":[],"rop_publish_now":"initial","rop_publish_now_accounts":[],"rop_publish_now_history":[],"rop_publish_now_status":"pending","footnotes":""},"categories":[5],"tags":[208,1072,619],"class_list":["post-6170","post","type-post","status-publish","format-standard","has-post-thumbnail","hentry","category-actualidad-informativa","tag-alejandro-toledo","tag-heriberto-benitez","tag-odebrecht"],"_links":{"self":[{"href":"https:\/\/elinformanteperu.com\/index.php\/wp-json\/wp\/v2\/posts\/6170","targetHints":{"allow":["GET"]}}],"collection":[{"href":"https:\/\/elinformanteperu.com\/index.php\/wp-json\/wp\/v2\/posts"}],"about":[{"href":"https:\/\/elinformanteperu.com\/index.php\/wp-json\/wp\/v2\/types\/post"}],"author":[{"embeddable":true,"href":"https:\/\/elinformanteperu.com\/index.php\/wp-json\/wp\/v2\/users\/1"}],"replies":[{"embeddable":true,"href":"https:\/\/elinformanteperu.com\/index.php\/wp-json\/wp\/v2\/comments?post=6170"}],"version-history":[{"count":1,"href":"https:\/\/elinformanteperu.com\/index.php\/wp-json\/wp\/v2\/posts\/6170\/revisions"}],"predecessor-version":[{"id":6172,"href":"https:\/\/elinformanteperu.com\/index.php\/wp-json\/wp\/v2\/posts\/6170\/revisions\/6172"}],"wp:featuredmedia":[{"embeddable":true,"href":"https:\/\/elinformanteperu.com\/index.php\/wp-json\/wp\/v2\/media\/6171"}],"wp:attachment":[{"href":"https:\/\/elinformanteperu.com\/index.php\/wp-json\/wp\/v2\/media?parent=6170"}],"wp:term":[{"taxonomy":"category","embeddable":true,"href":"https:\/\/elinformanteperu.com\/index.php\/wp-json\/wp\/v2\/categories?post=6170"},{"taxonomy":"post_tag","embeddable":true,"href":"https:\/\/elinformanteperu.com\/index.php\/wp-json\/wp\/v2\/tags?post=6170"}],"curies":[{"name":"wp","href":"https:\/\/api.w.org\/{rel}","templated":true}]}}