{"id":61698,"date":"2019-12-10T22:22:29","date_gmt":"2019-12-11T03:22:29","guid":{"rendered":"http:\/\/elinformanteperu.com\/?p=61698"},"modified":"2019-12-10T22:22:29","modified_gmt":"2019-12-11T03:22:29","slug":"abencia-meza-dejan-al-voto-pedido-de-anulacion-de-30-anos-de-prision","status":"publish","type":"post","link":"https:\/\/elinformanteperu.com\/index.php\/2019\/12\/10\/abencia-meza-dejan-al-voto-pedido-de-anulacion-de-30-anos-de-prision\/","title":{"rendered":"Abencia Meza: dejan al voto pedido de anulaci\u00f3n de 30 a\u00f1os de prisi\u00f3n"},"content":{"rendered":"<p><strong><span style=\"color: #000000;\">Sala Penal Transitoria de Corte Suprema dej\u00f3 a voto el pedido de nulidad interpuesto por la defensa legal de la cantante Abencia Meza Luna.<\/span><\/strong><\/p>\n<p><span style=\"color: #000000;\"><strong>Lima, 10 Diciembre 2019, (ANDINA).-<\/strong> La Sala Penal Transitoria de Corte Suprema dej\u00f3 a voto el pedido de nulidad interpuesto por la defensa legal de la cantante Abencia Meza Luna, para que se anule la sentencia de 30 a\u00f1os de prisi\u00f3n que pesa en su contra por el homicidio de Alicia Delgado Hilario, ocurrido en el 2009.<\/span><\/p>\n<p><span style=\"color: #000000;\">Tras concluir la audiencia, que dur\u00f3 menos de una hora, y a la que Abencia Meza estuvo conectada v\u00eda videoconferencia desde el penal San M\u00f3nica en Chorrillos, la sala penal dej\u00f3 a voto su decisi\u00f3n, pero sin determinar una fecha.<\/span><\/p>\n<p><span style=\"color: #000000;\">Dicha diligencia judicial se realiz\u00f3 luego que el Tribunal Constitucional (TC) resolviera fundada en parte el h\u00e1beas corpus en favor de la cantante y declarara nula la resoluci\u00f3n de fecha 19 de diciembre de 2012 emitida por la Sala Penal Transitoria de la Corte Suprema, en el extremo referido a la condena a Meza Luna.<\/span><\/p>\n<p><span style=\"color: #000000;\">En la audiencia, el abogado de Meza, Humberto Abanto, sustent\u00f3 la solicitud de anulaci\u00f3n de la sentencia contra su defendida, quien cumple a la fecha 10 a\u00f1os de prisi\u00f3n.<\/span><\/p>\n<p><span style=\"color: #000000;\">La sala penal est\u00e1 integrada por los magistrados supremos Jorge Casta\u00f1eda Espinoza, Uriel Balladares Aparicio, Susana Casta\u00f1eda Otsu, Iv\u00e1n Sequeiros Vargas e Iris Pacheco Huancas.<\/span><\/p>\n","protected":false},"excerpt":{"rendered":"<p>Sala Penal Transitoria de Corte Suprema dej\u00f3 a voto el pedido de nulidad interpuesto por la defensa legal de la cantante Abencia Meza Luna. Lima, 10 Diciembre 2019, (ANDINA).- La Sala Penal Transitoria de Corte Suprema dej\u00f3 a voto el pedido de nulidad interpuesto por la defensa legal de la cantante Abencia Meza Luna, para [&hellip;]<\/p>\n","protected":false},"author":1,"featured_media":61699,"comment_status":"open","ping_status":"open","sticky":false,"template":"","format":"standard","meta":{"rop_custom_images_group":[],"rop_custom_messages_group":[],"rop_publish_now":"initial","rop_publish_now_accounts":[],"rop_publish_now_history":[],"rop_publish_now_status":"pending","footnotes":""},"categories":[10],"tags":[5111,163],"class_list":["post-61698","post","type-post","status-publish","format-standard","has-post-thumbnail","hentry","category-actualidad-municipal","tag-abencia-meza","tag-poder-judicial"],"_links":{"self":[{"href":"https:\/\/elinformanteperu.com\/index.php\/wp-json\/wp\/v2\/posts\/61698","targetHints":{"allow":["GET"]}}],"collection":[{"href":"https:\/\/elinformanteperu.com\/index.php\/wp-json\/wp\/v2\/posts"}],"about":[{"href":"https:\/\/elinformanteperu.com\/index.php\/wp-json\/wp\/v2\/types\/post"}],"author":[{"embeddable":true,"href":"https:\/\/elinformanteperu.com\/index.php\/wp-json\/wp\/v2\/users\/1"}],"replies":[{"embeddable":true,"href":"https:\/\/elinformanteperu.com\/index.php\/wp-json\/wp\/v2\/comments?post=61698"}],"version-history":[{"count":1,"href":"https:\/\/elinformanteperu.com\/index.php\/wp-json\/wp\/v2\/posts\/61698\/revisions"}],"predecessor-version":[{"id":61700,"href":"https:\/\/elinformanteperu.com\/index.php\/wp-json\/wp\/v2\/posts\/61698\/revisions\/61700"}],"wp:featuredmedia":[{"embeddable":true,"href":"https:\/\/elinformanteperu.com\/index.php\/wp-json\/wp\/v2\/media\/61699"}],"wp:attachment":[{"href":"https:\/\/elinformanteperu.com\/index.php\/wp-json\/wp\/v2\/media?parent=61698"}],"wp:term":[{"taxonomy":"category","embeddable":true,"href":"https:\/\/elinformanteperu.com\/index.php\/wp-json\/wp\/v2\/categories?post=61698"},{"taxonomy":"post_tag","embeddable":true,"href":"https:\/\/elinformanteperu.com\/index.php\/wp-json\/wp\/v2\/tags?post=61698"}],"curies":[{"name":"wp","href":"https:\/\/api.w.org\/{rel}","templated":true}]}}