{"id":61507,"date":"2019-12-07T14:22:13","date_gmt":"2019-12-07T19:22:13","guid":{"rendered":"http:\/\/elinformanteperu.com\/?p=61507"},"modified":"2019-12-07T14:22:13","modified_gmt":"2019-12-07T19:22:13","slug":"cesar-villanueva-pj-dicta-impedimento-de-salida-por-18-meses","status":"publish","type":"post","link":"https:\/\/elinformanteperu.com\/index.php\/2019\/12\/07\/cesar-villanueva-pj-dicta-impedimento-de-salida-por-18-meses\/","title":{"rendered":"C\u00e9sar Villanueva: PJ dicta impedimento de salida por 18 meses"},"content":{"rendered":"<p><strong><span style=\"color: #000000;\">El juez, Hugo N\u00fa\u00f1ez Julca, dict\u00f3 el impedimento de salida del pa\u00eds por el plazo de 18 meses para el extitular del Consejo de Ministros, C\u00e9sar Villanueva.<\/span><\/strong><\/p>\n<p><span style=\"color: #000000;\"><strong>Lima, 06 Diciembre 2019, (ANDINA).-<\/strong> El juez supremo de Investigaci\u00f3n Preparatoria, Hugo N\u00fa\u00f1ez Julca, dict\u00f3 el impedimento de salida del pa\u00eds por el plazo de 18 meses para el extitular del Consejo de Ministros, C\u00e9sar Villanueva.<\/span><\/p>\n<p><span style=\"color: #000000;\">Seg\u00fan la decisi\u00f3n tomada, esta medida tambi\u00e9n alcanza al empresario Jos\u00e9 Santisteban, quien fuera detenido junto a Villanueva por los efectivos de la Divisi\u00f3n de Investigaci\u00f3n de Delitos de Alta Complejidad (Diviac) el pasado 26 de noviembre.<\/span><\/p>\n<p><span style=\"color: #000000;\">El magistrado determin\u00f3 adem\u00e1s el pago de una cauci\u00f3n por 100,000 soles para ambos imputados, en un proceso por la presunta comisi\u00f3n de del delito de tr\u00e1fico de influencias.<\/span><\/p>\n<p><span style=\"color: #000000;\">El Juzgado Supremo de Investigaci\u00f3n Preparatoria realiz\u00f3 la lectura de la resoluci\u00f3n sobre comparecencia con restricciones e impedimento de salida del pa\u00eds para C\u00e9sar Villanueva y Jos\u00e9 Santisteb\u00e1n.<\/span><\/p>\n<p><span style=\"color: #000000;\">Adem\u00e1s, en la misma diligencia se vio el requerimiento de prisi\u00f3n preventiva a dos fiscales por tr\u00e1fico de influencias.<\/span><\/p>\n","protected":false},"excerpt":{"rendered":"<p>El juez, Hugo N\u00fa\u00f1ez Julca, dict\u00f3 el impedimento de salida del pa\u00eds por el plazo de 18 meses para el extitular del Consejo de Ministros, C\u00e9sar Villanueva. Lima, 06 Diciembre 2019, (ANDINA).- El juez supremo de Investigaci\u00f3n Preparatoria, Hugo N\u00fa\u00f1ez Julca, dict\u00f3 el impedimento de salida del pa\u00eds por el plazo de 18 meses para [&hellip;]<\/p>\n","protected":false},"author":1,"featured_media":61297,"comment_status":"open","ping_status":"open","sticky":false,"template":"","format":"standard","meta":{"rop_custom_images_group":[],"rop_custom_messages_group":[],"rop_publish_now":"initial","rop_publish_now_accounts":[],"rop_publish_now_history":[],"rop_publish_now_status":"pending","footnotes":""},"categories":[5],"tags":[853,163],"class_list":["post-61507","post","type-post","status-publish","format-standard","has-post-thumbnail","hentry","category-actualidad-informativa","tag-cesar-villanueva","tag-poder-judicial"],"_links":{"self":[{"href":"https:\/\/elinformanteperu.com\/index.php\/wp-json\/wp\/v2\/posts\/61507","targetHints":{"allow":["GET"]}}],"collection":[{"href":"https:\/\/elinformanteperu.com\/index.php\/wp-json\/wp\/v2\/posts"}],"about":[{"href":"https:\/\/elinformanteperu.com\/index.php\/wp-json\/wp\/v2\/types\/post"}],"author":[{"embeddable":true,"href":"https:\/\/elinformanteperu.com\/index.php\/wp-json\/wp\/v2\/users\/1"}],"replies":[{"embeddable":true,"href":"https:\/\/elinformanteperu.com\/index.php\/wp-json\/wp\/v2\/comments?post=61507"}],"version-history":[{"count":1,"href":"https:\/\/elinformanteperu.com\/index.php\/wp-json\/wp\/v2\/posts\/61507\/revisions"}],"predecessor-version":[{"id":61508,"href":"https:\/\/elinformanteperu.com\/index.php\/wp-json\/wp\/v2\/posts\/61507\/revisions\/61508"}],"wp:featuredmedia":[{"embeddable":true,"href":"https:\/\/elinformanteperu.com\/index.php\/wp-json\/wp\/v2\/media\/61297"}],"wp:attachment":[{"href":"https:\/\/elinformanteperu.com\/index.php\/wp-json\/wp\/v2\/media?parent=61507"}],"wp:term":[{"taxonomy":"category","embeddable":true,"href":"https:\/\/elinformanteperu.com\/index.php\/wp-json\/wp\/v2\/categories?post=61507"},{"taxonomy":"post_tag","embeddable":true,"href":"https:\/\/elinformanteperu.com\/index.php\/wp-json\/wp\/v2\/tags?post=61507"}],"curies":[{"name":"wp","href":"https:\/\/api.w.org\/{rel}","templated":true}]}}