{"id":61504,"date":"2019-12-07T14:20:57","date_gmt":"2019-12-07T19:20:57","guid":{"rendered":"http:\/\/elinformanteperu.com\/?p=61504"},"modified":"2019-12-07T14:20:57","modified_gmt":"2019-12-07T19:20:57","slug":"gobernador-de-moquegua-mafia-esta-torpedeando-desde-dentro-y-fuera-al-estado","status":"publish","type":"post","link":"https:\/\/elinformanteperu.com\/index.php\/2019\/12\/07\/gobernador-de-moquegua-mafia-esta-torpedeando-desde-dentro-y-fuera-al-estado\/","title":{"rendered":"Gobernador de Moquegua: \u00abMafia est\u00e1 torpedeando desde dentro y fuera al Estado\u00bb"},"content":{"rendered":"<p><strong><span style=\"color: #000000;\">El gobernador regional de Moquegua, Zen\u00f3n Cuevas Pare, manifest\u00f3 que la mafia est\u00e1 torpedeando desde dentro y fuera el aparato del Estado.<\/span><\/strong><\/p>\n<p><span style=\"color: #000000;\"><strong>Lima, 06 Diciembre 2019, (ANDINA).-<\/strong> El gobernador regional de Moquegua, Zen\u00f3n Cuevas Pare, manifest\u00f3 que la mafia est\u00e1 torpedeando desde dentro y fuera el aparato del Estado.<\/span><\/p>\n<p><span style=\"color: #000000;\">Bajo su punto de vista no es casual la aparici\u00f3n de informaciones orientadas a afectar la imagen presidencial.<\/span><\/p>\n<p><span style=\"color: #000000;\">\u201cMi percepci\u00f3n es que la mafia desde dentro y fuera del aparato del Estado a\u00fan est\u00e1 torpedeando, se\u00f1al\u00f3.<\/span><\/p>\n<p><span style=\"color: #000000;\">Para la autoridad regional detr\u00e1s del informe period\u00edstico referido a un presunto pago irregular durante la gesti\u00f3n del presidente Mart\u00edn Vizcarra como gobernador regional de Moquegua, estar\u00edan comprometidos los principales grupos de poder econ\u00f3mico del pa\u00eds.<\/span><\/p>\n<p><span style=\"color: #000000;\">Zen\u00f3n Cuevas, en declaraciones a un medio de comunicaci\u00f3n, coment\u00f3 sobre la nueva infraestructura hospitalaria de su regi\u00f3n, que brinda el acceso a mayores servicios de salud para los ciudadanos de la zona sur del pa\u00eds.<\/span><\/p>\n<p><span style=\"color: #000000;\">\u00abHay deficiencias a\u00fan que se est\u00e1n superando, pero lo importante es que se ha puesto en valor a favor de la poblaci\u00f3n despu\u00e9s de cinco a\u00f1os\u00bb, agreg\u00f3.<\/span><\/p>\n","protected":false},"excerpt":{"rendered":"<p>El gobernador regional de Moquegua, Zen\u00f3n Cuevas Pare, manifest\u00f3 que la mafia est\u00e1 torpedeando desde dentro y fuera el aparato del Estado. Lima, 06 Diciembre 2019, (ANDINA).- El gobernador regional de Moquegua, Zen\u00f3n Cuevas Pare, manifest\u00f3 que la mafia est\u00e1 torpedeando desde dentro y fuera el aparato del Estado. Bajo su punto de vista no [&hellip;]<\/p>\n","protected":false},"author":1,"featured_media":61505,"comment_status":"open","ping_status":"open","sticky":false,"template":"","format":"standard","meta":{"rop_custom_images_group":[],"rop_custom_messages_group":[],"rop_publish_now":"initial","rop_publish_now_accounts":[],"rop_publish_now_history":[],"rop_publish_now_status":"pending","footnotes":""},"categories":[5],"tags":[3649,3796,5104],"class_list":["post-61504","post","type-post","status-publish","format-standard","has-post-thumbnail","hentry","category-actualidad-informativa","tag-gobierno-regional-de-moquegua","tag-moquegua","tag-zenon-cuevas"],"_links":{"self":[{"href":"https:\/\/elinformanteperu.com\/index.php\/wp-json\/wp\/v2\/posts\/61504","targetHints":{"allow":["GET"]}}],"collection":[{"href":"https:\/\/elinformanteperu.com\/index.php\/wp-json\/wp\/v2\/posts"}],"about":[{"href":"https:\/\/elinformanteperu.com\/index.php\/wp-json\/wp\/v2\/types\/post"}],"author":[{"embeddable":true,"href":"https:\/\/elinformanteperu.com\/index.php\/wp-json\/wp\/v2\/users\/1"}],"replies":[{"embeddable":true,"href":"https:\/\/elinformanteperu.com\/index.php\/wp-json\/wp\/v2\/comments?post=61504"}],"version-history":[{"count":1,"href":"https:\/\/elinformanteperu.com\/index.php\/wp-json\/wp\/v2\/posts\/61504\/revisions"}],"predecessor-version":[{"id":61506,"href":"https:\/\/elinformanteperu.com\/index.php\/wp-json\/wp\/v2\/posts\/61504\/revisions\/61506"}],"wp:featuredmedia":[{"embeddable":true,"href":"https:\/\/elinformanteperu.com\/index.php\/wp-json\/wp\/v2\/media\/61505"}],"wp:attachment":[{"href":"https:\/\/elinformanteperu.com\/index.php\/wp-json\/wp\/v2\/media?parent=61504"}],"wp:term":[{"taxonomy":"category","embeddable":true,"href":"https:\/\/elinformanteperu.com\/index.php\/wp-json\/wp\/v2\/categories?post=61504"},{"taxonomy":"post_tag","embeddable":true,"href":"https:\/\/elinformanteperu.com\/index.php\/wp-json\/wp\/v2\/tags?post=61504"}],"curies":[{"name":"wp","href":"https:\/\/api.w.org\/{rel}","templated":true}]}}