{"id":61442,"date":"2019-12-06T00:35:34","date_gmt":"2019-12-06T05:35:34","guid":{"rendered":"http:\/\/elinformanteperu.com\/?p=61442"},"modified":"2019-12-06T00:35:34","modified_gmt":"2019-12-06T05:35:34","slug":"zeballos-si-queremos-un-pais-diferente-no-debemos-ser-tolerantes-con-la-corrupcion","status":"publish","type":"post","link":"https:\/\/elinformanteperu.com\/index.php\/2019\/12\/06\/zeballos-si-queremos-un-pais-diferente-no-debemos-ser-tolerantes-con-la-corrupcion\/","title":{"rendered":"Zeballos: si queremos un pa\u00eds diferente, no debemos ser tolerantes con la corrupci\u00f3n"},"content":{"rendered":"<p><strong><span style=\"color: #000000;\">El titular de la Presidencia del Consejo de Ministros (PCM), Vicente Zeballos, afirm\u00f3 que si queremos un pa\u00eds diferentes, es necesario no tolerar con la corrupci\u00f3n.<\/span><\/strong><\/p>\n<p><span style=\"color: #000000;\"><strong>Lima, 05 Diciembre 2019, (ANDINA).-<\/strong> El titular de la Presidencia del Consejo de Ministros (PCM), Vicente Zeballos, afirm\u00f3 que a dos a\u00f1os de la celebraci\u00f3n del Bicentenario de la Independencia de la Rep\u00fablica si queremos un pa\u00eds diferentes, es necesario no tolerar con la corrupci\u00f3n.<\/span><\/p>\n<p><span style=\"color: #000000;\">En el marco de la presentaci\u00f3n de la \u201cXI Encuesta Nacional sobre percepciones de la corrupci\u00f3n en el Per\u00fa 2019\u201d, manifest\u00f3 que desde el Gobierno se ha impulsado pol\u00edticas p\u00fablicas espec\u00edficas, \u00abcomo la aprobaci\u00f3n de Lineamientos de Integridad y Lucha contra la Corrupci\u00f3n\u00bb.<\/span><\/p>\n<p><span style=\"color: #000000;\">\u00abQueremos un pa\u00eds diferente, con equidad y oportunidades; pero para lograr eso no debemos ser tolerantes con la corrupci\u00f3n. Todos tenemos que sumar esfuerzos en esta tarea, el pa\u00eds espera un involucramiento de todos los peruanos\u00bb,<\/span><\/p>\n<p><span style=\"color: #000000;\">En su calidad de presidente de la Comisi\u00f3n de Alto Nivel Anticorrupci\u00f3n, manifest\u00f3 que la intenci\u00f3n de lograr este cambio de mentalidad permitir\u00e1 \u00abcontar con instituciones s\u00f3lidas, fuertes e independientes\u00bb.<\/span><\/p>\n<p><span style=\"color: #000000;\">\u00abEstamos muy cerca al Bicentenario, que no solo debe ser visualizada como una fecha hist\u00f3rica, sino como una oportunidad para que cambiemos todos de actitud y que el mensaje principal sea de honestidad, decencia y transparencia. As\u00ed seremos una Naci\u00f3n m\u00e1s grande\u00bb, se\u00f1al\u00f3.<\/span><\/p>\n<p><span style=\"color: #000000;\">Vicente Zeballos inaugur\u00f3 la Semana de la Integridad, actividad que busca promover un espacio de reflexi\u00f3n sobre los efectos de la corrupci\u00f3n y una participaci\u00f3n m\u00e1s activa de las personas e instituciones para elevar los est\u00e1ndares de integridad en el pa\u00eds.<\/span><\/p>\n<p><span style=\"color: #000000;\">Este evento se desarrollar\u00e1 entre hoy y 11 de diciembre, donde se tiene previsto realizar actividades culturales, acad\u00e9micas e institucionales en Lima, Cusco, Piura y Lambayeque.<\/span><\/p>\n","protected":false},"excerpt":{"rendered":"<p>El titular de la Presidencia del Consejo de Ministros (PCM), Vicente Zeballos, afirm\u00f3 que si queremos un pa\u00eds diferentes, es necesario no tolerar con la corrupci\u00f3n. Lima, 05 Diciembre 2019, (ANDINA).- El titular de la Presidencia del Consejo de Ministros (PCM), Vicente Zeballos, afirm\u00f3 que a dos a\u00f1os de la celebraci\u00f3n del Bicentenario de la [&hellip;]<\/p>\n","protected":false},"author":1,"featured_media":61443,"comment_status":"open","ping_status":"open","sticky":false,"template":"","format":"standard","meta":{"rop_custom_images_group":[],"rop_custom_messages_group":[],"rop_publish_now":"initial","rop_publish_now_accounts":[],"rop_publish_now_history":[],"rop_publish_now_status":"pending","footnotes":""},"categories":[5],"tags":[189,2317,477],"class_list":["post-61442","post","type-post","status-publish","format-standard","has-post-thumbnail","hentry","category-actualidad-informativa","tag-pcm","tag-presidencia-del-consejo-de-ministros","tag-vicente-zeballos"],"_links":{"self":[{"href":"https:\/\/elinformanteperu.com\/index.php\/wp-json\/wp\/v2\/posts\/61442","targetHints":{"allow":["GET"]}}],"collection":[{"href":"https:\/\/elinformanteperu.com\/index.php\/wp-json\/wp\/v2\/posts"}],"about":[{"href":"https:\/\/elinformanteperu.com\/index.php\/wp-json\/wp\/v2\/types\/post"}],"author":[{"embeddable":true,"href":"https:\/\/elinformanteperu.com\/index.php\/wp-json\/wp\/v2\/users\/1"}],"replies":[{"embeddable":true,"href":"https:\/\/elinformanteperu.com\/index.php\/wp-json\/wp\/v2\/comments?post=61442"}],"version-history":[{"count":1,"href":"https:\/\/elinformanteperu.com\/index.php\/wp-json\/wp\/v2\/posts\/61442\/revisions"}],"predecessor-version":[{"id":61444,"href":"https:\/\/elinformanteperu.com\/index.php\/wp-json\/wp\/v2\/posts\/61442\/revisions\/61444"}],"wp:featuredmedia":[{"embeddable":true,"href":"https:\/\/elinformanteperu.com\/index.php\/wp-json\/wp\/v2\/media\/61443"}],"wp:attachment":[{"href":"https:\/\/elinformanteperu.com\/index.php\/wp-json\/wp\/v2\/media?parent=61442"}],"wp:term":[{"taxonomy":"category","embeddable":true,"href":"https:\/\/elinformanteperu.com\/index.php\/wp-json\/wp\/v2\/categories?post=61442"},{"taxonomy":"post_tag","embeddable":true,"href":"https:\/\/elinformanteperu.com\/index.php\/wp-json\/wp\/v2\/tags?post=61442"}],"curies":[{"name":"wp","href":"https:\/\/api.w.org\/{rel}","templated":true}]}}