{"id":61424,"date":"2019-12-06T00:08:28","date_gmt":"2019-12-06T05:08:28","guid":{"rendered":"http:\/\/elinformanteperu.com\/?p=61424"},"modified":"2019-12-06T00:15:21","modified_gmt":"2019-12-06T05:15:21","slug":"tecnico-gregorio-perez-venimos-a-vivir-para-la-u","status":"publish","type":"post","link":"https:\/\/elinformanteperu.com\/index.php\/2019\/12\/06\/tecnico-gregorio-perez-venimos-a-vivir-para-la-u\/","title":{"rendered":"T\u00e9cnico Gregorio P\u00e9rez: venimos a vivir para la \u00abU\u00bb"},"content":{"rendered":"<p><strong><span style=\"color: #000000;\">Lleg\u00f3 y firm\u00f3. El uruguayo Gregorio P\u00e9rez fue presentado como flamante entrenador de Universitario de Deportes para la pr\u00f3xima temporada.\u00a0<\/span><\/strong><\/p>\n<p><span style=\"color: #000000;\"><strong>Lima, 05 Diciembre 2019, (ANDINA).-<\/strong> Lleg\u00f3 y firm\u00f3. El uruguayo Gregorio P\u00e9rez fue presentado como flamante entrenador de Universitario de Deportes para la pr\u00f3xima temporada. En su primera intervenci\u00f3n el estratega pidi\u00f3 tener a su plantel completo antes del 26 de diciembre.<\/span><\/p>\n<p><span style=\"color: #000000;\">\u00abEs un orgullo muy grande que sentimos. Es una rica instituci\u00f3n en su historia y es un halago muy grande. Sabemos muy bien donde estamos parados. El ganar se logra con esfuerzo, sacrificio, profesionalismo, venimos a vivir para la &#8216;U&#8217;. Estamos sedientos de empezar ya a trabajar, esperamos estar a la altura de este club\u00bb, declar\u00f3 el estratega uruguayo en rueda de prensa.<\/span><\/p>\n<p><img fetchpriority=\"high\" decoding=\"async\" class=\"aligncenter size-full wp-image-61429\" src=\"http:\/\/elinformanteperu.com\/wp-content\/uploads\/2019\/12\/gregorio-perez-u1.jpg\" alt=\"\" width=\"960\" height=\"645\" srcset=\"https:\/\/elinformanteperu.com\/wp-content\/uploads\/2019\/12\/gregorio-perez-u1.jpg 960w, https:\/\/elinformanteperu.com\/wp-content\/uploads\/2019\/12\/gregorio-perez-u1-300x202.jpg 300w, https:\/\/elinformanteperu.com\/wp-content\/uploads\/2019\/12\/gregorio-perez-u1-768x516.jpg 768w, https:\/\/elinformanteperu.com\/wp-content\/uploads\/2019\/12\/gregorio-perez-u1-128x86.jpg 128w, https:\/\/elinformanteperu.com\/wp-content\/uploads\/2019\/12\/gregorio-perez-u1-32x22.jpg 32w\" sizes=\"(max-width: 960px) 100vw, 960px\" \/><span style=\"color: #000000;\">Gregorio P\u00e9rez resalt\u00f3 las cualidades del actual plantel de jugadores \u00abcremas\u00bb y dijo que su intenci\u00f3n es contar con el equipo completo antes del 26 de diciembre para comenzar a trabajar con miras a la Copa Libertadores.<\/span><\/p>\n<p><span style=\"color: #000000;\">Sobre la continuidad de Alberto Rodr\u00edguez, quien en la temporada que acaba no tuvo continuidad por las constantes lesiones que lo alejaron de los campos de juego.<\/span><\/p>\n<p><span style=\"color: #000000;\">\u00abNo voy a descubrir que clase de jugador es. Sufri\u00f3 varias lesiones, que le han impedido jugar. Quisiera hablar con \u00e9l personalmente, si est\u00e1 dispuesto lo vamos a respaldar y preparar de la mejor manera. Si \u00e9l se prepara de la mejor manera ser\u00e1 un aporte important\u00edsimo\u00bb, culmin\u00f3.<\/span><\/p>\n<p><img decoding=\"async\" class=\"aligncenter size-full wp-image-60579\" src=\"http:\/\/elinformanteperu.com\/wp-content\/uploads\/2019\/11\/universitario-triunfo.jpg\" alt=\"\" width=\"1800\" height=\"1200\" srcset=\"https:\/\/elinformanteperu.com\/wp-content\/uploads\/2019\/11\/universitario-triunfo.jpg 1800w, https:\/\/elinformanteperu.com\/wp-content\/uploads\/2019\/11\/universitario-triunfo-300x200.jpg 300w, https:\/\/elinformanteperu.com\/wp-content\/uploads\/2019\/11\/universitario-triunfo-1024x683.jpg 1024w, https:\/\/elinformanteperu.com\/wp-content\/uploads\/2019\/11\/universitario-triunfo-768x512.jpg 768w, https:\/\/elinformanteperu.com\/wp-content\/uploads\/2019\/11\/universitario-triunfo-1536x1024.jpg 1536w, https:\/\/elinformanteperu.com\/wp-content\/uploads\/2019\/11\/universitario-triunfo-128x85.jpg 128w, https:\/\/elinformanteperu.com\/wp-content\/uploads\/2019\/11\/universitario-triunfo-32x21.jpg 32w\" sizes=\"(max-width: 1800px) 100vw, 1800px\" \/><\/p>\n","protected":false},"excerpt":{"rendered":"<p>Lleg\u00f3 y firm\u00f3. El uruguayo Gregorio P\u00e9rez fue presentado como flamante entrenador de Universitario de Deportes para la pr\u00f3xima temporada.\u00a0 Lima, 05 Diciembre 2019, (ANDINA).- Lleg\u00f3 y firm\u00f3. El uruguayo Gregorio P\u00e9rez fue presentado como flamante entrenador de Universitario de Deportes para la pr\u00f3xima temporada. En su primera intervenci\u00f3n el estratega pidi\u00f3 tener a su [&hellip;]<\/p>\n","protected":false},"author":1,"featured_media":61425,"comment_status":"open","ping_status":"open","sticky":false,"template":"","format":"standard","meta":{"rop_custom_images_group":[],"rop_custom_messages_group":[],"rop_publish_now":"initial","rop_publish_now_accounts":[],"rop_publish_now_history":[],"rop_publish_now_status":"pending","footnotes":""},"categories":[8],"tags":[5088,144],"class_list":["post-61424","post","type-post","status-publish","format-standard","has-post-thumbnail","hentry","category-disciplinas-deportivas","tag-gregorio-perez","tag-universitario-de-deportes"],"_links":{"self":[{"href":"https:\/\/elinformanteperu.com\/index.php\/wp-json\/wp\/v2\/posts\/61424","targetHints":{"allow":["GET"]}}],"collection":[{"href":"https:\/\/elinformanteperu.com\/index.php\/wp-json\/wp\/v2\/posts"}],"about":[{"href":"https:\/\/elinformanteperu.com\/index.php\/wp-json\/wp\/v2\/types\/post"}],"author":[{"embeddable":true,"href":"https:\/\/elinformanteperu.com\/index.php\/wp-json\/wp\/v2\/users\/1"}],"replies":[{"embeddable":true,"href":"https:\/\/elinformanteperu.com\/index.php\/wp-json\/wp\/v2\/comments?post=61424"}],"version-history":[{"count":3,"href":"https:\/\/elinformanteperu.com\/index.php\/wp-json\/wp\/v2\/posts\/61424\/revisions"}],"predecessor-version":[{"id":61431,"href":"https:\/\/elinformanteperu.com\/index.php\/wp-json\/wp\/v2\/posts\/61424\/revisions\/61431"}],"wp:featuredmedia":[{"embeddable":true,"href":"https:\/\/elinformanteperu.com\/index.php\/wp-json\/wp\/v2\/media\/61425"}],"wp:attachment":[{"href":"https:\/\/elinformanteperu.com\/index.php\/wp-json\/wp\/v2\/media?parent=61424"}],"wp:term":[{"taxonomy":"category","embeddable":true,"href":"https:\/\/elinformanteperu.com\/index.php\/wp-json\/wp\/v2\/categories?post=61424"},{"taxonomy":"post_tag","embeddable":true,"href":"https:\/\/elinformanteperu.com\/index.php\/wp-json\/wp\/v2\/tags?post=61424"}],"curies":[{"name":"wp","href":"https:\/\/api.w.org\/{rel}","templated":true}]}}