{"id":61421,"date":"2019-12-06T00:04:47","date_gmt":"2019-12-06T05:04:47","guid":{"rendered":"http:\/\/elinformanteperu.com\/?p=61421"},"modified":"2019-12-06T00:04:47","modified_gmt":"2019-12-06T05:04:47","slug":"alianza-lima-realizara-misa-para-conmemorar-los-32-anos-de-los-martires-del-fokker","status":"publish","type":"post","link":"https:\/\/elinformanteperu.com\/index.php\/2019\/12\/06\/alianza-lima-realizara-misa-para-conmemorar-los-32-anos-de-los-martires-del-fokker\/","title":{"rendered":"Alianza Lima realizar\u00e1 misa para conmemorar los 32 a\u00f1os de los m\u00e1rtires del Fokker"},"content":{"rendered":"<p><span style=\"color: #000000;\"><strong>Alianza Lima realizar\u00e1 este s\u00e1bado en el estadio Alejandro Villanueva de La Victoria, desde las 09:00 horas, una misa de conmemoraci\u00f3n por los 32 a\u00f1os de los m\u00e1rtires de la tragedia del Fokker.<\/strong><\/span><\/p>\n<p><span style=\"color: #000000;\"><strong>Lima, 05 Diciembre 2019, (ANDINA).-<\/strong> Alianza Lima realizar\u00e1 este s\u00e1bado en el estadio Alejandro Villanueva de La Victoria, desde las 09:00 horas, una misa de conmemoraci\u00f3n por los 32 a\u00f1os de los m\u00e1rtires de la tragedia del Fokker, que enlutaron a la familia blanquiazul y al f\u00fatbol peruano.<\/span><\/p>\n<p><span style=\"color: #000000;\">El 8 de diciembre de 1987, el avi\u00f3n que trasladaba al plantel profesional del club \u00edntimo desde Pucallpa a Lima, cay\u00f3 al mar de Ventanilla y murieron 43 personas, entre ellos, jugadores, cuerpo t\u00e9cnico y dirigentes. Solo sobrevivi\u00f3 el piloto Edilberto Villar.<\/span><\/p>\n<p><span style=\"color: #000000;\">Cuando ocurri\u00f3 el accidente, Alianza Lima lideraba el torneo peruano y hab\u00eda superado por 1-0 al Deportivo Pucallpa con gol de Carlos Bustamante. El cuadro blanquiazul termin\u00f3 ese a\u00f1o el campeonato nacional jugando con sus juveniles y algunos jugadores prestados por el club chileno Colo Colo, que vivi\u00f3 una tragedia similar y acudi\u00f3 en su apoyo.<\/span><\/p>\n<p><span style=\"color: #000000;\">El club victoriano indic\u00f3 en sus redes sociales que las puertas de la tribuna occidente del estadio Alejandro Villanueva \u00abMatute\u00bb se abrir\u00e1n a partir de las 08:15 horas.<\/span><\/p>\n<p><img fetchpriority=\"high\" decoding=\"async\" class=\"aligncenter  wp-image-61422\" src=\"http:\/\/elinformanteperu.com\/wp-content\/uploads\/2019\/12\/Alianza-Fokker.jpg\" alt=\"\" width=\"407\" height=\"402\" srcset=\"https:\/\/elinformanteperu.com\/wp-content\/uploads\/2019\/12\/Alianza-Fokker.jpg 478w, https:\/\/elinformanteperu.com\/wp-content\/uploads\/2019\/12\/Alianza-Fokker-300x296.jpg 300w, https:\/\/elinformanteperu.com\/wp-content\/uploads\/2019\/12\/Alianza-Fokker-128x126.jpg 128w, https:\/\/elinformanteperu.com\/wp-content\/uploads\/2019\/12\/Alianza-Fokker-32x32.jpg 32w, https:\/\/elinformanteperu.com\/wp-content\/uploads\/2019\/12\/Alianza-Fokker-60x60.jpg 60w, https:\/\/elinformanteperu.com\/wp-content\/uploads\/2019\/12\/Alianza-Fokker-50x50.jpg 50w\" sizes=\"(max-width: 407px) 100vw, 407px\" \/><\/p>\n","protected":false},"excerpt":{"rendered":"<p>Alianza Lima realizar\u00e1 este s\u00e1bado en el estadio Alejandro Villanueva de La Victoria, desde las 09:00 horas, una misa de conmemoraci\u00f3n por los 32 a\u00f1os de los m\u00e1rtires de la tragedia del Fokker. Lima, 05 Diciembre 2019, (ANDINA).- Alianza Lima realizar\u00e1 este s\u00e1bado en el estadio Alejandro Villanueva de La Victoria, desde las 09:00 horas, [&hellip;]<\/p>\n","protected":false},"author":1,"featured_media":1962,"comment_status":"open","ping_status":"open","sticky":false,"template":"","format":"standard","meta":{"rop_custom_images_group":[],"rop_custom_messages_group":[],"rop_publish_now":"initial","rop_publish_now_accounts":[],"rop_publish_now_history":[],"rop_publish_now_status":"pending","footnotes":""},"categories":[8],"tags":[91,507],"class_list":["post-61421","post","type-post","status-publish","format-standard","has-post-thumbnail","hentry","category-disciplinas-deportivas","tag-alianza-lima","tag-fokker"],"_links":{"self":[{"href":"https:\/\/elinformanteperu.com\/index.php\/wp-json\/wp\/v2\/posts\/61421","targetHints":{"allow":["GET"]}}],"collection":[{"href":"https:\/\/elinformanteperu.com\/index.php\/wp-json\/wp\/v2\/posts"}],"about":[{"href":"https:\/\/elinformanteperu.com\/index.php\/wp-json\/wp\/v2\/types\/post"}],"author":[{"embeddable":true,"href":"https:\/\/elinformanteperu.com\/index.php\/wp-json\/wp\/v2\/users\/1"}],"replies":[{"embeddable":true,"href":"https:\/\/elinformanteperu.com\/index.php\/wp-json\/wp\/v2\/comments?post=61421"}],"version-history":[{"count":1,"href":"https:\/\/elinformanteperu.com\/index.php\/wp-json\/wp\/v2\/posts\/61421\/revisions"}],"predecessor-version":[{"id":61423,"href":"https:\/\/elinformanteperu.com\/index.php\/wp-json\/wp\/v2\/posts\/61421\/revisions\/61423"}],"wp:featuredmedia":[{"embeddable":true,"href":"https:\/\/elinformanteperu.com\/index.php\/wp-json\/wp\/v2\/media\/1962"}],"wp:attachment":[{"href":"https:\/\/elinformanteperu.com\/index.php\/wp-json\/wp\/v2\/media?parent=61421"}],"wp:term":[{"taxonomy":"category","embeddable":true,"href":"https:\/\/elinformanteperu.com\/index.php\/wp-json\/wp\/v2\/categories?post=61421"},{"taxonomy":"post_tag","embeddable":true,"href":"https:\/\/elinformanteperu.com\/index.php\/wp-json\/wp\/v2\/tags?post=61421"}],"curies":[{"name":"wp","href":"https:\/\/api.w.org\/{rel}","templated":true}]}}