{"id":61406,"date":"2019-12-05T23:13:57","date_gmt":"2019-12-06T04:13:57","guid":{"rendered":"http:\/\/elinformanteperu.com\/?p=61406"},"modified":"2019-12-05T23:13:57","modified_gmt":"2019-12-06T04:13:57","slug":"orquesta-papillon-celebra-exito-musical-tu-me-haces-mas-fuerte","status":"publish","type":"post","link":"https:\/\/elinformanteperu.com\/index.php\/2019\/12\/05\/orquesta-papillon-celebra-exito-musical-tu-me-haces-mas-fuerte\/","title":{"rendered":"Orquesta Papill\u00f3n celebra \u00e9xito musical \u00abT\u00fa me haces m\u00e1s fuerte\u00bb"},"content":{"rendered":"<p><strong><span style=\"color: #000000;\">La agrupaci\u00f3n Papill\u00f3n celebra, tras el final de la telenovela \u00abEn la piel de Alicia\u00bb, que su canci\u00f3n \u2018T\u00fa me haces m\u00e1s fuerte\u00bb se haya convertido en la m\u00e1s solicitada.<\/span><\/strong><\/p>\n<p><span style=\"color: #000000;\"><strong>Lima, 05 Diciembre 2019, (ANDINA).-<\/strong> La agrupaci\u00f3n Papill\u00f3n celebra, tras el final de la telenovela \u00abEn la piel de Alicia\u00bb, que su canci\u00f3n \u2018T\u00fa me haces m\u00e1s fuerte\u00bb se haya convertido en la m\u00e1s solicitada no solo en el dial, sino en sus conciertos.<\/span><\/p>\n<p><span style=\"color: #000000;\">Para Andrea Torres, Nicole Flores y Caroline Tello, su canci\u00f3n ha servido \u201cpara dar valor a muchas mujeres y decirle basta a la violencia. Muy orgullosas adem\u00e1s que el tema haya formado parte de una novela que toc\u00f3 temas reales que han impactado en el p\u00fablico de una manera muy positiva\u00bb.<\/span><\/p>\n<p><span style=\"color: #000000;\">\u00abComo mujeres alguna vez hemos sufrido el denominado acoso callejero; que es algo terrible que muchas mujeres padecen a diario; pues hay que ponerle un pare para evitar que m\u00e1s hechos de violencia se sigan cometiendo\u00bb, explic\u00f3 Caroline.<\/span><\/p>\n<p><span style=\"color: #000000;\">La orquesta no solo conduce un espacio en TV, sino que desarrolla giras al interior del pa\u00eds y as\u00ed recorre la naci\u00f3n con su mensaje de empoderamiento.<\/span><\/p>\n<p><iframe title=\"Papill\u00f3n - T\u00fa Me Haces M\u00e1s Fuerte (Videoclip Oficial)\" width=\"615\" height=\"346\" src=\"https:\/\/www.youtube.com\/embed\/G3zvKN2hnc4?feature=oembed\" frameborder=\"0\" allow=\"accelerometer; autoplay; clipboard-write; encrypted-media; gyroscope; picture-in-picture; web-share\" referrerpolicy=\"strict-origin-when-cross-origin\" allowfullscreen><\/iframe><\/p>\n","protected":false},"excerpt":{"rendered":"<p>La agrupaci\u00f3n Papill\u00f3n celebra, tras el final de la telenovela \u00abEn la piel de Alicia\u00bb, que su canci\u00f3n \u2018T\u00fa me haces m\u00e1s fuerte\u00bb se haya convertido en la m\u00e1s solicitada. Lima, 05 Diciembre 2019, (ANDINA).- La agrupaci\u00f3n Papill\u00f3n celebra, tras el final de la telenovela \u00abEn la piel de Alicia\u00bb, que su canci\u00f3n \u2018T\u00fa me [&hellip;]<\/p>\n","protected":false},"author":1,"featured_media":61407,"comment_status":"open","ping_status":"open","sticky":false,"template":"","format":"standard","meta":{"rop_custom_images_group":[],"rop_custom_messages_group":[],"rop_publish_now":"initial","rop_publish_now_accounts":[],"rop_publish_now_history":[],"rop_publish_now_status":"pending","footnotes":""},"categories":[69],"tags":[5074],"class_list":["post-61406","post","type-post","status-publish","format-standard","has-post-thumbnail","hentry","category-musica","tag-papillon"],"_links":{"self":[{"href":"https:\/\/elinformanteperu.com\/index.php\/wp-json\/wp\/v2\/posts\/61406","targetHints":{"allow":["GET"]}}],"collection":[{"href":"https:\/\/elinformanteperu.com\/index.php\/wp-json\/wp\/v2\/posts"}],"about":[{"href":"https:\/\/elinformanteperu.com\/index.php\/wp-json\/wp\/v2\/types\/post"}],"author":[{"embeddable":true,"href":"https:\/\/elinformanteperu.com\/index.php\/wp-json\/wp\/v2\/users\/1"}],"replies":[{"embeddable":true,"href":"https:\/\/elinformanteperu.com\/index.php\/wp-json\/wp\/v2\/comments?post=61406"}],"version-history":[{"count":1,"href":"https:\/\/elinformanteperu.com\/index.php\/wp-json\/wp\/v2\/posts\/61406\/revisions"}],"predecessor-version":[{"id":61408,"href":"https:\/\/elinformanteperu.com\/index.php\/wp-json\/wp\/v2\/posts\/61406\/revisions\/61408"}],"wp:featuredmedia":[{"embeddable":true,"href":"https:\/\/elinformanteperu.com\/index.php\/wp-json\/wp\/v2\/media\/61407"}],"wp:attachment":[{"href":"https:\/\/elinformanteperu.com\/index.php\/wp-json\/wp\/v2\/media?parent=61406"}],"wp:term":[{"taxonomy":"category","embeddable":true,"href":"https:\/\/elinformanteperu.com\/index.php\/wp-json\/wp\/v2\/categories?post=61406"},{"taxonomy":"post_tag","embeddable":true,"href":"https:\/\/elinformanteperu.com\/index.php\/wp-json\/wp\/v2\/tags?post=61406"}],"curies":[{"name":"wp","href":"https:\/\/api.w.org\/{rel}","templated":true}]}}