{"id":61400,"date":"2019-12-05T23:01:17","date_gmt":"2019-12-06T04:01:17","guid":{"rendered":"http:\/\/elinformanteperu.com\/?p=61400"},"modified":"2019-12-05T23:29:31","modified_gmt":"2019-12-06T04:29:31","slug":"eva-ayllon-sera-parte-de-la-cinta-no-me-digas-solterona-2","status":"publish","type":"post","link":"https:\/\/elinformanteperu.com\/index.php\/2019\/12\/05\/eva-ayllon-sera-parte-de-la-cinta-no-me-digas-solterona-2\/","title":{"rendered":"Eva Ayll\u00f3n ser\u00e1 parte de la cinta \u00abNo me digas solterona 2\u00bb"},"content":{"rendered":"<p><strong><span style=\"color: #000000;\">La int\u00e9rprete nacional Eva Ayll\u00f3n regresa a los sets de filmaci\u00f3n esta vez con una participaci\u00f3n especial en la cinta peruana \u00abNo me digas solterona 2\u00bb.<\/span><\/strong><\/p>\n<p><span style=\"color: #000000;\"><strong>Lima, 05 Diciembre 2019, (El Informante Per\u00fa).-<\/strong>\u00a0<\/span><span style=\"color: #000000;\">La reconocida cantante, Eva Ayll\u00f3n, sorprendi\u00f3 a sus miles de seguidores al presentarse en el set de rodaje de la cinta nacional \u201cNo me digas solterona 2\u201d, la Reina del Land\u00f3 tendr\u00e1 una aparici\u00f3n especial que comparti\u00f3 a trav\u00e9s de sus redes sociales.\u00a0<\/span><\/p>\n<p><span style=\"color: #000000;\">Anteriormente, la reconocida cantautora sac\u00f3 adelante un personaje en la pel\u00edcula de Jefferson Farf\u00e1n, \u00abEl diez de la calle\u00bb.<\/span><\/p>\n<p><img fetchpriority=\"high\" decoding=\"async\" class=\"aligncenter size-full wp-image-61413\" src=\"http:\/\/elinformanteperu.com\/wp-content\/uploads\/2019\/12\/no-me-digas-solterona-2-eva-ayllon2.jpg\" alt=\"\" width=\"772\" height=\"514\" srcset=\"https:\/\/elinformanteperu.com\/wp-content\/uploads\/2019\/12\/no-me-digas-solterona-2-eva-ayllon2.jpg 772w, https:\/\/elinformanteperu.com\/wp-content\/uploads\/2019\/12\/no-me-digas-solterona-2-eva-ayllon2-300x200.jpg 300w, https:\/\/elinformanteperu.com\/wp-content\/uploads\/2019\/12\/no-me-digas-solterona-2-eva-ayllon2-768x511.jpg 768w, https:\/\/elinformanteperu.com\/wp-content\/uploads\/2019\/12\/no-me-digas-solterona-2-eva-ayllon2-128x85.jpg 128w, https:\/\/elinformanteperu.com\/wp-content\/uploads\/2019\/12\/no-me-digas-solterona-2-eva-ayllon2-32x21.jpg 32w\" sizes=\"(max-width: 772px) 100vw, 772px\" \/><span style=\"color: #000000;\">\u201cEstoy s\u00faper emocionada en estar en esta pel\u00edcula. Yo vi la primera parte y me encant\u00f3. Creo que No me digas solterona 2 la va a romper en abril del pr\u00f3ximo a\u00f1o\u201d, comenta Eva.<\/span><\/p>\n<p><span style=\"color: #000000;\">Recordemos que la cinta nacional, \u2018No me digas solterona\u2019, protagonizada por Patricia Barreto, llevo a m\u00e1s de 870 mil espectadores al cine, convirti\u00e9ndose en uno de los largometrajes peruanos m\u00e1s taquilleros, por lo que esta segunda parte promete romper esquemas y superar a su antecesora, es por eso que grandes figuras se est\u00e1n sumando al elenco.<\/span><\/p>\n<p><span style=\"color: #000000;\">\u201cNo puedo creer que tengamos a Eva Ayll\u00f3n en la pel\u00edcula. Ella es una maestra de la m\u00fasica. Es un honor. Su participaci\u00f3n en la pel\u00edcula est\u00e1 super divertida\u201d, a\u00f1ade la directora.<\/span><\/p>\n<p><img decoding=\"async\" class=\"aligncenter size-full wp-image-61414\" src=\"http:\/\/elinformanteperu.com\/wp-content\/uploads\/2019\/12\/no-me-digas-solterona-2-eva-ayllon1.jpg\" alt=\"\" width=\"540\" height=\"512\" srcset=\"https:\/\/elinformanteperu.com\/wp-content\/uploads\/2019\/12\/no-me-digas-solterona-2-eva-ayllon1.jpg 540w, https:\/\/elinformanteperu.com\/wp-content\/uploads\/2019\/12\/no-me-digas-solterona-2-eva-ayllon1-300x284.jpg 300w, https:\/\/elinformanteperu.com\/wp-content\/uploads\/2019\/12\/no-me-digas-solterona-2-eva-ayllon1-128x121.jpg 128w, https:\/\/elinformanteperu.com\/wp-content\/uploads\/2019\/12\/no-me-digas-solterona-2-eva-ayllon1-32x30.jpg 32w\" sizes=\"(max-width: 540px) 100vw, 540px\" \/><span style=\"color: #000000;\">Hasta el momento actrices como Anah\u00ed De C\u00e1rdenas, Marisa Minetti y Eva Ayll\u00f3n son solo algunas de las figuras que se han sumado al elenco y acompa\u00f1ar\u00e1n a Patricia Barreto en esta nueva entrega, bajo la direcci\u00f3n de la gran cineasta Ani Alva, la pel\u00edcula tiene pensado su estreno para abril del 2020.<\/span><\/p>\n<p><span style=\"color: #000000;\">Actualmente Eva se encuentra abocada a desarrollar sus actividades art\u00edsticas de cara al 2020 as\u00ed como presentaciones navide\u00f1as y de fin de a\u00f1o.<\/span><\/p>\n<p><iframe title=\"Actores de &quot;No me digas solterona 2&quot; se preparan para el rodaje\" width=\"615\" height=\"461\" src=\"https:\/\/www.youtube.com\/embed\/33b_Dr3mKR8?feature=oembed\" frameborder=\"0\" allow=\"accelerometer; autoplay; clipboard-write; encrypted-media; gyroscope; picture-in-picture; web-share\" referrerpolicy=\"strict-origin-when-cross-origin\" allowfullscreen><\/iframe><\/p>\n","protected":false},"excerpt":{"rendered":"<p>La int\u00e9rprete nacional Eva Ayll\u00f3n regresa a los sets de filmaci\u00f3n esta vez con una participaci\u00f3n especial en la cinta peruana \u00abNo me digas solterona 2\u00bb. Lima, 05 Diciembre 2019, (El Informante Per\u00fa).-\u00a0La reconocida cantante, Eva Ayll\u00f3n, sorprendi\u00f3 a sus miles de seguidores al presentarse en el set de rodaje de la cinta nacional \u201cNo [&hellip;]<\/p>\n","protected":false},"author":1,"featured_media":61401,"comment_status":"open","ping_status":"open","sticky":false,"template":"","format":"standard","meta":{"rop_custom_images_group":[],"rop_custom_messages_group":[],"rop_publish_now":"initial","rop_publish_now_accounts":[],"rop_publish_now_history":[],"rop_publish_now_status":"pending","footnotes":""},"categories":[7],"tags":[1626,1426,4960],"class_list":["post-61400","post","type-post","status-publish","format-standard","has-post-thumbnail","hentry","category-butaca","tag-cine-peruano","tag-eva-ayllon","tag-no-me-digas-solterona-2"],"_links":{"self":[{"href":"https:\/\/elinformanteperu.com\/index.php\/wp-json\/wp\/v2\/posts\/61400","targetHints":{"allow":["GET"]}}],"collection":[{"href":"https:\/\/elinformanteperu.com\/index.php\/wp-json\/wp\/v2\/posts"}],"about":[{"href":"https:\/\/elinformanteperu.com\/index.php\/wp-json\/wp\/v2\/types\/post"}],"author":[{"embeddable":true,"href":"https:\/\/elinformanteperu.com\/index.php\/wp-json\/wp\/v2\/users\/1"}],"replies":[{"embeddable":true,"href":"https:\/\/elinformanteperu.com\/index.php\/wp-json\/wp\/v2\/comments?post=61400"}],"version-history":[{"count":3,"href":"https:\/\/elinformanteperu.com\/index.php\/wp-json\/wp\/v2\/posts\/61400\/revisions"}],"predecessor-version":[{"id":61415,"href":"https:\/\/elinformanteperu.com\/index.php\/wp-json\/wp\/v2\/posts\/61400\/revisions\/61415"}],"wp:featuredmedia":[{"embeddable":true,"href":"https:\/\/elinformanteperu.com\/index.php\/wp-json\/wp\/v2\/media\/61401"}],"wp:attachment":[{"href":"https:\/\/elinformanteperu.com\/index.php\/wp-json\/wp\/v2\/media?parent=61400"}],"wp:term":[{"taxonomy":"category","embeddable":true,"href":"https:\/\/elinformanteperu.com\/index.php\/wp-json\/wp\/v2\/categories?post=61400"},{"taxonomy":"post_tag","embeddable":true,"href":"https:\/\/elinformanteperu.com\/index.php\/wp-json\/wp\/v2\/tags?post=61400"}],"curies":[{"name":"wp","href":"https:\/\/api.w.org\/{rel}","templated":true}]}}