{"id":61158,"date":"2019-12-02T20:08:50","date_gmt":"2019-12-03T01:08:50","guid":{"rendered":"http:\/\/elinformanteperu.com\/?p=61158"},"modified":"2019-12-02T20:08:50","modified_gmt":"2019-12-03T01:08:50","slug":"filmes-de-almodovar-y-amenabar-acaparan-nominaciones-a-los-goya","status":"publish","type":"post","link":"https:\/\/elinformanteperu.com\/index.php\/2019\/12\/02\/filmes-de-almodovar-y-amenabar-acaparan-nominaciones-a-los-goya\/","title":{"rendered":"Filmes de Almod\u00f3var y Amen\u00e1bar acaparan nominaciones a los Goya"},"content":{"rendered":"<p><strong><span style=\"color: #000000;\">Con 17 y 16 nominaciones, respectivamente, Mientras dure la guerra, del director Alejandro Amen\u00e1bar; y Dolor y gloria, de Pedro Almod\u00f3var, salieron como favoritas.<\/span><\/strong><\/p>\n<p><span style=\"color: #000000;\"><strong>Madrid, 02 Diciembre 2019, (Prensa Latina).<\/strong>&#8211; Con 17 y 16 nominaciones, respectivamente, Mientras dure la guerra, del director Alejandro Amen\u00e1bar; y Dolor y gloria, de Pedro Almod\u00f3var, salieron como favoritas para la 34 edici\u00f3n de los Premios Goya del cine espa\u00f1ol.<\/span><\/p>\n<p><span style=\"color: #000000;\">Ambas cintas rivalizar\u00e1n por el Goya a la mejor pel\u00edcula junto a La trinchera infinita (15 candidaturas), de Jos\u00e9 Mari Goenaga, Jon Gara\u00f1o y Aitor Arregi; La intemperie, de Benito Zambrano; y Lo que arde, de Oliver Laxe.<\/span><\/p>\n<p><span style=\"color: #000000;\">Las nominaciones a los m\u00e1ximos galardones del s\u00e9ptimo arte del pa\u00eds ib\u00e9rico fueron anunciadas este lunes por los actores Elena Anaya y Miguel Herr\u00e1n, en la madrile\u00f1a sede de la Academia las Artes y las Ciencias Cinematogr\u00e1ficas.<\/span><\/p>\n<p><span style=\"color: #000000;\">Adem\u00e1s, Amen\u00e1bar, Almod\u00f3var, la terna vasca de La trinchera infinita y Laxe competir\u00e1n por el galard\u00f3n a mejor direcci\u00f3n.<\/span><\/p>\n<p><span style=\"color: #000000;\">En la lista de nominados sobresalen la oscarizada Pen\u00e9lope Cruz y Antonio Banderas, aspirantes en las categor\u00edas de mejor actriz y actor protagonista por sus papeles en Dolor y gloria.<\/span><\/p>\n<p><span style=\"color: #000000;\">Banderas comparte nominaci\u00f3n con otros veteranos de los Goya como son Antonio de la Torre por La trinchera infinita; Luis Tosar por Quien a hierro mata; y Karra Elejalde por Mientras dure la guerra.<\/span><\/p>\n<p><span style=\"color: #000000;\">Pen\u00e9lope lo hace con algunas de las nuevas caras de cine espa\u00f1ol como son Greta Fern\u00e1ndez por La hija de un ladr\u00f3n; Bel\u00e9n Cuesta por La trinchera infinita; y Marta Nieto por Madre.<\/span><\/p>\n<p><span style=\"color: #000000;\">A la trig\u00e9simo cuarta edici\u00f3n de los Goya, considerados los Oscar del cine espa\u00f1ol, se presentaron un total de 146 largometrajes.<\/span><\/p>\n<p><span style=\"color: #000000;\">En el apartado de mejor pel\u00edcula latinoamericana contender\u00e1n Ara\u00f1a, del chileno Andr\u00e9s Wood; El despertar de las hormigas, de la costarricense Antonella Sudasassi; La odisea de los giles, del argentino Sebasti\u00e1n Borensztein; y Monos, del colombiano Alejandro Landes.<\/span><\/p>\n<p><span style=\"color: #000000;\">El Goya de Honor de esta edici\u00f3n lo recibir\u00e1 Pepa Flores, actriz y cantante que logr\u00f3 el estrellato en su juventud durante las d\u00e9cadas 1960 y 1970 con el nombre art\u00edstico de Marisol.<\/span><\/p>\n<p><span style=\"color: #000000;\">La gala de la 34 edici\u00f3n de los Premios Goya se celebrar\u00e1 el pr\u00f3ximo 25 de enero en la sure\u00f1a ciudad de M\u00e1laga, en la regi\u00f3n de Andaluc\u00eda.<\/span><\/p>\n<p>https:\/\/youtu.be\/WBNFKn-LXf0<\/p>\n","protected":false},"excerpt":{"rendered":"<p>Con 17 y 16 nominaciones, respectivamente, Mientras dure la guerra, del director Alejandro Amen\u00e1bar; y Dolor y gloria, de Pedro Almod\u00f3var, salieron como favoritas. Madrid, 02 Diciembre 2019, (Prensa Latina).&#8211; Con 17 y 16 nominaciones, respectivamente, Mientras dure la guerra, del director Alejandro Amen\u00e1bar; y Dolor y gloria, de Pedro Almod\u00f3var, salieron como favoritas para [&hellip;]<\/p>\n","protected":false},"author":1,"featured_media":61159,"comment_status":"open","ping_status":"open","sticky":false,"template":"","format":"standard","meta":{"rop_custom_images_group":[],"rop_custom_messages_group":[],"rop_publish_now":"initial","rop_publish_now_accounts":[],"rop_publish_now_history":[],"rop_publish_now_status":"pending","footnotes":""},"categories":[7],"tags":[4829,4802,1003],"class_list":["post-61158","post","type-post","status-publish","format-standard","has-post-thumbnail","hentry","category-butaca","tag-dolor-y-gloria","tag-goya-2020","tag-pedro-almodovar"],"_links":{"self":[{"href":"https:\/\/elinformanteperu.com\/index.php\/wp-json\/wp\/v2\/posts\/61158","targetHints":{"allow":["GET"]}}],"collection":[{"href":"https:\/\/elinformanteperu.com\/index.php\/wp-json\/wp\/v2\/posts"}],"about":[{"href":"https:\/\/elinformanteperu.com\/index.php\/wp-json\/wp\/v2\/types\/post"}],"author":[{"embeddable":true,"href":"https:\/\/elinformanteperu.com\/index.php\/wp-json\/wp\/v2\/users\/1"}],"replies":[{"embeddable":true,"href":"https:\/\/elinformanteperu.com\/index.php\/wp-json\/wp\/v2\/comments?post=61158"}],"version-history":[{"count":1,"href":"https:\/\/elinformanteperu.com\/index.php\/wp-json\/wp\/v2\/posts\/61158\/revisions"}],"predecessor-version":[{"id":61160,"href":"https:\/\/elinformanteperu.com\/index.php\/wp-json\/wp\/v2\/posts\/61158\/revisions\/61160"}],"wp:featuredmedia":[{"embeddable":true,"href":"https:\/\/elinformanteperu.com\/index.php\/wp-json\/wp\/v2\/media\/61159"}],"wp:attachment":[{"href":"https:\/\/elinformanteperu.com\/index.php\/wp-json\/wp\/v2\/media?parent=61158"}],"wp:term":[{"taxonomy":"category","embeddable":true,"href":"https:\/\/elinformanteperu.com\/index.php\/wp-json\/wp\/v2\/categories?post=61158"},{"taxonomy":"post_tag","embeddable":true,"href":"https:\/\/elinformanteperu.com\/index.php\/wp-json\/wp\/v2\/tags?post=61158"}],"curies":[{"name":"wp","href":"https:\/\/api.w.org\/{rel}","templated":true}]}}