{"id":6102,"date":"2017-02-11T13:22:33","date_gmt":"2017-02-11T18:22:33","guid":{"rendered":"http:\/\/elinformanteperu.com\/?p=6102"},"modified":"2017-02-11T13:22:33","modified_gmt":"2017-02-11T18:22:33","slug":"fiscal-de-la-nacion-enviara-informacion-al-congreso-sobre-caso-odebrecht","status":"publish","type":"post","link":"https:\/\/elinformanteperu.com\/index.php\/2017\/02\/11\/fiscal-de-la-nacion-enviara-informacion-al-congreso-sobre-caso-odebrecht\/","title":{"rendered":"Fiscal de la Naci\u00f3n enviar\u00e1 informaci\u00f3n al Congreso sobre caso Odebrecht"},"content":{"rendered":"<p><strong>El fiscal de la Naci\u00f3n, Pablo S\u00e1nchez, expres\u00f3 su disposici\u00f3n de enviar informaci\u00f3n al Congreso respecto de las investigaciones sobre el caso Odebrecht .<\/strong><\/p>\n<p><strong>Lima, 10 Febrero 2017, (ANDINA).-<\/strong> El fiscal de la Naci\u00f3n, Pablo S\u00e1nchez, expres\u00f3 su disposici\u00f3n de enviar informaci\u00f3n al Congreso respecto de las investigaciones sobre el caso Odebrecht, en la medida en que ello no afecte la reserva de su trabajo.<\/p>\n<p>A trav\u00e9s de las redes sociales, el titular del Ministerio P\u00fablico se\u00f1al\u00f3 que su instituci\u00f3n no est\u00e1 en una l\u00ednea confrontacional, sino que tiene el \u00e1nimo de colaborar con el Parlamento.<\/p>\n<p>\u201cCumpliremos con mandar la informaci\u00f3n que el Congreso requiera, en la medida en que no se afecte la reserva del trabajo\u201d, expres\u00f3 en un tuit.<\/p>\n<p>Asimismo, el fiscal supremo ratific\u00f3 el compromiso de la Fiscal\u00eda para investigar y castigar a los responsables de los actos de corrupci\u00f3n y acabar con la impunidad.<\/p>\n<p>Por \u00faltimo, dijo ser consciente de la enorme responsabilidad de su labor al frente de las averiguaciones del caso Odebrecht.<\/p>\n","protected":false},"excerpt":{"rendered":"<p>El fiscal de la Naci\u00f3n, Pablo S\u00e1nchez, expres\u00f3 su disposici\u00f3n de enviar informaci\u00f3n al Congreso respecto de las investigaciones sobre el caso Odebrecht . Lima, 10 Febrero 2017, (ANDINA).- El fiscal de la Naci\u00f3n, Pablo S\u00e1nchez, expres\u00f3 su disposici\u00f3n de enviar informaci\u00f3n al Congreso respecto de las investigaciones sobre el caso Odebrecht, en la medida [&hellip;]<\/p>\n","protected":false},"author":1,"featured_media":1828,"comment_status":"open","ping_status":"open","sticky":false,"template":"","format":"standard","meta":{"rop_custom_images_group":[],"rop_custom_messages_group":[],"rop_publish_now":"initial","rop_publish_now_accounts":[],"rop_publish_now_history":[],"rop_publish_now_status":"pending","footnotes":""},"categories":[5],"tags":[370,619,347],"class_list":["post-6102","post","type-post","status-publish","format-standard","has-post-thumbnail","hentry","category-actualidad-informativa","tag-ministerio-publico","tag-odebrecht","tag-pablo-sanchez"],"_links":{"self":[{"href":"https:\/\/elinformanteperu.com\/index.php\/wp-json\/wp\/v2\/posts\/6102","targetHints":{"allow":["GET"]}}],"collection":[{"href":"https:\/\/elinformanteperu.com\/index.php\/wp-json\/wp\/v2\/posts"}],"about":[{"href":"https:\/\/elinformanteperu.com\/index.php\/wp-json\/wp\/v2\/types\/post"}],"author":[{"embeddable":true,"href":"https:\/\/elinformanteperu.com\/index.php\/wp-json\/wp\/v2\/users\/1"}],"replies":[{"embeddable":true,"href":"https:\/\/elinformanteperu.com\/index.php\/wp-json\/wp\/v2\/comments?post=6102"}],"version-history":[{"count":1,"href":"https:\/\/elinformanteperu.com\/index.php\/wp-json\/wp\/v2\/posts\/6102\/revisions"}],"predecessor-version":[{"id":6103,"href":"https:\/\/elinformanteperu.com\/index.php\/wp-json\/wp\/v2\/posts\/6102\/revisions\/6103"}],"wp:featuredmedia":[{"embeddable":true,"href":"https:\/\/elinformanteperu.com\/index.php\/wp-json\/wp\/v2\/media\/1828"}],"wp:attachment":[{"href":"https:\/\/elinformanteperu.com\/index.php\/wp-json\/wp\/v2\/media?parent=6102"}],"wp:term":[{"taxonomy":"category","embeddable":true,"href":"https:\/\/elinformanteperu.com\/index.php\/wp-json\/wp\/v2\/categories?post=6102"},{"taxonomy":"post_tag","embeddable":true,"href":"https:\/\/elinformanteperu.com\/index.php\/wp-json\/wp\/v2\/tags?post=6102"}],"curies":[{"name":"wp","href":"https:\/\/api.w.org\/{rel}","templated":true}]}}