{"id":61004,"date":"2019-11-27T21:23:53","date_gmt":"2019-11-28T02:23:53","guid":{"rendered":"http:\/\/elinformanteperu.com\/?p=61004"},"modified":"2019-11-27T21:23:53","modified_gmt":"2019-11-28T02:23:53","slug":"de-entre-los-muertos-al-cine-el-nuevo-thriller-de-michael-jackson","status":"publish","type":"post","link":"https:\/\/elinformanteperu.com\/index.php\/2019\/11\/27\/de-entre-los-muertos-al-cine-el-nuevo-thriller-de-michael-jackson\/","title":{"rendered":"De entre los muertos al cine, el nuevo thriller de Michael Jackson"},"content":{"rendered":"<p><strong><span style=\"color: #000000;\">A una d\u00e9cada de su muerte, Michael Jackson contin\u00faa rob\u00e1ndose titulares, en esta ocasi\u00f3n con la noticia de la realizaci\u00f3n de una pel\u00edcula biogr\u00e1fica.<\/span><\/strong><\/p>\n<p><span style=\"color: #000000;\"><strong>Los \u00c1ngeles, 27 Noviembre 2019, (ANDINA).-<\/strong> A una d\u00e9cada de su muerte, Michael Jackson contin\u00faa rob\u00e1ndose titulares, en esta ocasi\u00f3n con la noticia de la realizaci\u00f3n de una pel\u00edcula biogr\u00e1fica producida por Graham King, reconocido por su m\u00e1s reciente \u00e9xito Bohemian Rhapsody.<\/span><\/p>\n<p><span style=\"color: #000000;\">Bajo un halo de pol\u00e9mica, intriga, talento y excentricismo el &#8216;Rey del Pop&#8217;, puso banda sonora a la vida de varias generaciones y marc\u00f3 un punto de giro en los modos de producir m\u00fasica y audiovisuales en esta industria.<\/span><\/p>\n<p><span style=\"color: #000000;\">Al auge de los biopic en la industria cinematogr\u00e1fica, como la mencionada cinta sobre Freddy Mercury, Rocketman o la dedicada a Boy George, ha disparado el inter\u00e9s de Hollywood por llevar a la gran pantalla la vida, conflictos y obra de grandes estrellas de la m\u00fasica.<\/span><\/p>\n<p><span style=\"color: #000000;\">En el caso del filme inspirado en Jackson, medios locales afirman que el productor cerr\u00f3 un acuerdo para poder utilizar todas sus canciones y contrat\u00f3 para escribirla a John Logan, guionista tres veces nominados al \u00d3scar por su trabajo en Gladiator, El aviador y La invenci\u00f3n de Hugo.<\/span><\/p>\n<p><span style=\"color: #000000;\">El largometraje abarcar\u00e1 toda la vida de Jackson sin dejar de lado los esc\u00e1ndalos que llevaron a su muerte en 2009, con 50 a\u00f1os, no obstante los cr\u00edticos se cuestionan hasta qu\u00e9 punto quieren ser incisivos en este punto o si optar\u00e1n por un producto m\u00e1s adecuado para todos los p\u00fablicos.<\/span><\/p>\n<p><span style=\"color: #000000;\">Uno de los retos de esta entrega es encontrar al actor que interpretar\u00e1 al creador de cl\u00e1sicos como Thriller, Billie Jean o Smooth Criminal, as\u00ed como sortear la reciente pol\u00e9mica generada tras el estreno del documental Leaving Neverland, el cual despert\u00f3 amor y odio por el cantante.<\/span><\/p>\n<p><span style=\"color: #000000;\">Dirigido por Dan Reed, la colaboraci\u00f3n entre el Canal 4, de Reino Unido; y la cadena norteamericana HBO, congreg\u00f3 a millones de espectadores en su emisi\u00f3n inicial, logrando registrar una de las mejores audiencias de la d\u00e9cada para el estreno de un documental y ostenta un premio Emmy.<\/span><\/p>\n<p><span style=\"color: #000000;\">El filme, que provoc\u00f3 la demanda de 100 millones de d\u00f3lares por parte de la familia de Jackson, explora las acusaciones de abuso sexual infantil y recoge testimonios de varias v\u00edctimas y testigos de los incidentes, los cuales refiere, ocurr\u00edan en la popular residencia del cantante.<\/span><\/p>\n<p><span style=\"color: #000000;\">Como consecuencia de Leaving Neverland, radioemisoras de Australia y Canad\u00e1 dejaron de emitir la m\u00fasica de Jackson, mientras la serie The Simpsons retir\u00f3 de circulaci\u00f3n un episodio cuyo doblaje cont\u00f3 con la voz del cantante.<\/span><\/p>\n<p><span style=\"color: #000000;\">Por tales motivos, la familia del artista cuida celosamente el proyecto de biopic, que estar\u00e1 bajo su supervisi\u00f3n constantemente, y que todav\u00eda no cuenta con el respaldo de alg\u00fan estudio.<\/span><\/p>\n<p>https:\/\/youtu.be\/T3wmW3RZBok<\/p>\n","protected":false},"excerpt":{"rendered":"<p>A una d\u00e9cada de su muerte, Michael Jackson contin\u00faa rob\u00e1ndose titulares, en esta ocasi\u00f3n con la noticia de la realizaci\u00f3n de una pel\u00edcula biogr\u00e1fica. Los \u00c1ngeles, 27 Noviembre 2019, (ANDINA).- A una d\u00e9cada de su muerte, Michael Jackson contin\u00faa rob\u00e1ndose titulares, en esta ocasi\u00f3n con la noticia de la realizaci\u00f3n de una pel\u00edcula biogr\u00e1fica producida [&hellip;]<\/p>\n","protected":false},"author":1,"featured_media":61005,"comment_status":"open","ping_status":"open","sticky":false,"template":"","format":"standard","meta":{"rop_custom_images_group":[],"rop_custom_messages_group":[],"rop_publish_now":"initial","rop_publish_now_accounts":[],"rop_publish_now_history":[],"rop_publish_now_status":"pending","footnotes":""},"categories":[7],"tags":[731],"class_list":["post-61004","post","type-post","status-publish","format-standard","has-post-thumbnail","hentry","category-butaca","tag-michael-jackson"],"_links":{"self":[{"href":"https:\/\/elinformanteperu.com\/index.php\/wp-json\/wp\/v2\/posts\/61004","targetHints":{"allow":["GET"]}}],"collection":[{"href":"https:\/\/elinformanteperu.com\/index.php\/wp-json\/wp\/v2\/posts"}],"about":[{"href":"https:\/\/elinformanteperu.com\/index.php\/wp-json\/wp\/v2\/types\/post"}],"author":[{"embeddable":true,"href":"https:\/\/elinformanteperu.com\/index.php\/wp-json\/wp\/v2\/users\/1"}],"replies":[{"embeddable":true,"href":"https:\/\/elinformanteperu.com\/index.php\/wp-json\/wp\/v2\/comments?post=61004"}],"version-history":[{"count":1,"href":"https:\/\/elinformanteperu.com\/index.php\/wp-json\/wp\/v2\/posts\/61004\/revisions"}],"predecessor-version":[{"id":61006,"href":"https:\/\/elinformanteperu.com\/index.php\/wp-json\/wp\/v2\/posts\/61004\/revisions\/61006"}],"wp:featuredmedia":[{"embeddable":true,"href":"https:\/\/elinformanteperu.com\/index.php\/wp-json\/wp\/v2\/media\/61005"}],"wp:attachment":[{"href":"https:\/\/elinformanteperu.com\/index.php\/wp-json\/wp\/v2\/media?parent=61004"}],"wp:term":[{"taxonomy":"category","embeddable":true,"href":"https:\/\/elinformanteperu.com\/index.php\/wp-json\/wp\/v2\/categories?post=61004"},{"taxonomy":"post_tag","embeddable":true,"href":"https:\/\/elinformanteperu.com\/index.php\/wp-json\/wp\/v2\/tags?post=61004"}],"curies":[{"name":"wp","href":"https:\/\/api.w.org\/{rel}","templated":true}]}}