{"id":60757,"date":"2019-11-23T18:40:46","date_gmt":"2019-11-23T23:40:46","guid":{"rendered":"http:\/\/elinformanteperu.com\/?p=60757"},"modified":"2019-11-23T18:40:46","modified_gmt":"2019-11-23T23:40:46","slug":"final-copa-libertadores-flamengo-voltea-el-partido-y-es-nuevo-campeon","status":"publish","type":"post","link":"https:\/\/elinformanteperu.com\/index.php\/2019\/11\/23\/final-copa-libertadores-flamengo-voltea-el-partido-y-es-nuevo-campeon\/","title":{"rendered":"Final Copa Libertadores: Flamengo voltea el partido y es nuevo campe\u00f3n"},"content":{"rendered":"<p><span style=\"color: #000000;\"><strong>Despu\u00e9s de 38 a\u00f1os de su \u00fanico t\u00edtulo continental, Flamengo volvi\u00f3 a proclamarse campe\u00f3n de la Copa Libertadores de Am\u00e9rica.<\/strong><\/span><\/p>\n<p><span style=\"color: #000000;\"><strong>Lima, 23 Noviembre 2019, (ANDINA).-<\/strong> Despu\u00e9s de 38 a\u00f1os de su \u00fanico t\u00edtulo continental, Flamengo volvi\u00f3 a proclamarse campe\u00f3n de la Copa Libertadores de Am\u00e9rica al vencer 2-1 a River Plate este s\u00e1bado en Lima, en la primera final \u00fanica en 60 a\u00f1os de historia del m\u00e1ximo torneo de clubes de la regi\u00f3n.<\/span><\/p>\n<p><span style=\"color: #000000;\">Gabriel Barbosa &#8216;Gabigol&#8217;, con dos fantasmag\u00f3ricos goles a los 89 y 90+2 minutos, fue el h\u00e9roe de un &#8216;Fla&#8217; que estuvo en aprietos en todo el partido y logr\u00f3 salvar los papeles gracias a su temible goleador, el m\u00e1ximo artillero de la Copa con 9 anotaciones.<\/span><\/p>\n<p><span style=\"color: #000000;\">Por el &#8216;millonario&#8217;, que defend\u00eda el t\u00edtulo conseguido en Madrid en 2018 al vencer a su archienemigo Boca Juniors, anot\u00f3 el colombiano Rafael Santos Borr\u00e9 (14).<\/span><\/p>\n<p><span style=\"color: #000000;\">Con la victoria, el Flamengo se hizo acreedor a un premio de 12 millones de d\u00f3lares y firm\u00f3 su presencia en los Mundiales de Clubes de la FIFA Catar-2019, previsto en diciembre, y China-2021, en el que competir\u00e1n 24 equipos por primera vez.<\/span><\/p>\n<p><span style=\"color: #000000;\">Asimismo, defender\u00e1 el t\u00edtulo de la Libertadores en la Copa del pr\u00f3ximo a\u00f1o desde la fase de grupos y disputar\u00e1 la Recopa Sudamericana contra el Independiente del Valle de Ecuador, flamante campe\u00f3n de la Copa Sudamericana 2019.<\/span><\/p>\n<p><strong><span style=\"color: #000000;\">Castiga Borr\u00e9<\/span><\/strong><\/p>\n<p><span style=\"color: #000000;\">Bastaron unos primeros minutos de estudio, en los que la pelota iba y ven\u00eda sin gobierno en un abarrotado estadio Monumental, para que River Plate pusiera orden en el juego con un control efectivo de la pelota, que Flamengo sinti\u00f3 y lo padeci\u00f3.<\/span><\/p>\n<p><span style=\"color: #000000;\">Utilizando todo el ancho de la cancha, el &#8216;millonario&#8217; recost\u00f3 el ataque en principio por la izquierda con un veloz Nicol\u00e1s De La Cruz, la zona donde Rafinha hac\u00eda agua y el uruguayo Giorgian De Arrascaeta poco peso ten\u00eda tanto en creaci\u00f3n como en defensa.<\/span><\/p>\n<p><span style=\"color: #000000;\">Y en medio de esa asfixiante presi\u00f3n alta de River, el campe\u00f3n defensor fue arrinconando al Flamengo gracias al efectivo trabajo de Borr\u00e9 y Mat\u00edas Su\u00e1rez peleando cada pelota, y porque los volantes de River, amparados en un generoso despliegue f\u00edsico, desarticularon la m\u00e1quina del &#8216;Mengao&#8217;.<\/span><\/p>\n<p><span style=\"color: #000000;\">As\u00ed lleg\u00f3 al gol a los 14 minutos con Borr\u00e9, su tercer tanto en la Copa.<\/span><\/p>\n<p><span style=\"color: #000000;\">Palacios inici\u00f3 la jugada en el medio, abri\u00f3 a la derecha para la carrera de &#8216;Nacho&#8217; Fern\u00e1ndez y \u00e9ste presionado por Filipe Luis en el \u00e1rea grande toc\u00f3 en diagonal atr\u00e1s. Mat\u00edas Su\u00e1rez hizo la jugada de distracci\u00f3n dejando pasar la pelota, y Borr\u00e9, sobre el punto penal, la caz\u00f3 de derecha para vencer a Diego Alves.<\/span><\/p>\n<p><span style=\"color: #000000;\">Flamengo sinti\u00f3 el golpe en el ment\u00f3n y no logr\u00f3 recuperarse en todo el primer tiempo, pero River tampoco pudo traducir en m\u00e1s goles su dominio pese a tener la posesi\u00f3n y disponer de un par de situaciones.<\/span><\/p>\n<p><span style=\"color: #000000;\"><strong><span style=\"color: #000000;\">A<\/span>pareci\u00f3 Gabigol<\/strong><\/span><\/p>\n<p><img fetchpriority=\"high\" decoding=\"async\" class=\"aligncenter size-full wp-image-60734\" src=\"http:\/\/elinformanteperu.com\/wp-content\/uploads\/2019\/11\/flamengo11.jpg\" alt=\"\" width=\"1800\" height=\"1200\" srcset=\"https:\/\/elinformanteperu.com\/wp-content\/uploads\/2019\/11\/flamengo11.jpg 1800w, https:\/\/elinformanteperu.com\/wp-content\/uploads\/2019\/11\/flamengo11-300x200.jpg 300w, https:\/\/elinformanteperu.com\/wp-content\/uploads\/2019\/11\/flamengo11-1024x683.jpg 1024w, https:\/\/elinformanteperu.com\/wp-content\/uploads\/2019\/11\/flamengo11-768x512.jpg 768w, https:\/\/elinformanteperu.com\/wp-content\/uploads\/2019\/11\/flamengo11-1536x1024.jpg 1536w, https:\/\/elinformanteperu.com\/wp-content\/uploads\/2019\/11\/flamengo11-128x85.jpg 128w, https:\/\/elinformanteperu.com\/wp-content\/uploads\/2019\/11\/flamengo11-32x21.jpg 32w\" sizes=\"(max-width: 1800px) 100vw, 1800px\" \/><span style=\"color: #000000;\">El t\u00e9cnico del Flamengo, Jorge Jes\u00fas, hab\u00eda advertido que no le asustaba el juego de River Plate y que cuando desembarc\u00f3 en Brasil en junio para asumir las riendas del club m\u00e1s popular del jogo bonito su intenci\u00f3n era llegar a la final de la Libertadores.<\/span><\/p>\n<p><span style=\"color: #000000;\">Y lo logr\u00f3 con lujo de detalles en una Copa que no le fue f\u00e1cil al Flamengo en la fase de grupos, pero que con el luso en el banquillo desde mitad de a\u00f1o, el juego de los cariocas creci\u00f3 y comenz\u00f3 a hacer ruido en el continente.<\/span><\/p>\n<p><span style=\"color: #000000;\">Flamengo salt\u00f3 para la segunda mitad con la intenci\u00f3n de dejar la piel en la cancha e intentar avasallar a un River que no logr\u00f3 sostener la intensidad con la que jug\u00f3 en la primera parte.<\/span><\/p>\n<p><span style=\"color: #000000;\">Y en esa din\u00e1mica el &#8216;Fla&#8217; estuvo cerca del empate con un remate del capit\u00e1n Everton Ribeiro a los 56 que ataj\u00f3 Armani espectacularmente sobre el palo derecho.<\/span><\/p>\n<p><span style=\"color: #000000;\">El grito del &#8216;Mu\u00f1eco&#8217; Gallardo se hizo sentir tras el riesgo en su arco, y pese a introducir variantes en la formaci\u00f3n, River perdi\u00f3 el eje y cedi\u00f3 el control del juego a un Flamengo que poco a poco comenzaba a parecerse al que domina en el Brasileirao, y donde podr\u00eda ser campe\u00f3n el domingo sin jugar.<\/span><\/p>\n<p><span style=\"color: #000000;\">Y as\u00ed fue como apareci\u00f3 el temible Gabigol, ausente durante todo el partido para amargarle a River la posibilidad de un quinto t\u00edtulo con dos goles sobre el final del partido.<\/span><\/p>\n<p><span style=\"color: #000000;\">El f\u00fatbol le ten\u00eda destinado un lugar en la gloria al joven delantero brasile\u00f1o, y \u00e9ste, como los buenos goleadores, supo castigar en el momento adecuado.<\/span><\/p>\n<p><span style=\"color: #000000;\">Flamengo vuelve a ser monarca de la Libertadores despu\u00e9s de 38 a\u00f1os, gracias a su gran h\u00e9roe y a la sabidur\u00eda de un Jorge Jes\u00fas que no dud\u00f3 en salir de Europa para conquistar a Am\u00e9rica.<\/span><\/p>\n<p><img decoding=\"async\" class=\"aligncenter size-full wp-image-60752\" src=\"http:\/\/elinformanteperu.com\/wp-content\/uploads\/2019\/11\/flamengo-campeon4.jpg\" alt=\"\" width=\"1800\" height=\"1198\" srcset=\"https:\/\/elinformanteperu.com\/wp-content\/uploads\/2019\/11\/flamengo-campeon4.jpg 1800w, https:\/\/elinformanteperu.com\/wp-content\/uploads\/2019\/11\/flamengo-campeon4-300x200.jpg 300w, https:\/\/elinformanteperu.com\/wp-content\/uploads\/2019\/11\/flamengo-campeon4-1024x682.jpg 1024w, https:\/\/elinformanteperu.com\/wp-content\/uploads\/2019\/11\/flamengo-campeon4-768x511.jpg 768w, https:\/\/elinformanteperu.com\/wp-content\/uploads\/2019\/11\/flamengo-campeon4-1536x1022.jpg 1536w, https:\/\/elinformanteperu.com\/wp-content\/uploads\/2019\/11\/flamengo-campeon4-128x85.jpg 128w, https:\/\/elinformanteperu.com\/wp-content\/uploads\/2019\/11\/flamengo-campeon4-32x21.jpg 32w\" sizes=\"(max-width: 1800px) 100vw, 1800px\" \/><\/p>\n","protected":false},"excerpt":{"rendered":"<p>Despu\u00e9s de 38 a\u00f1os de su \u00fanico t\u00edtulo continental, Flamengo volvi\u00f3 a proclamarse campe\u00f3n de la Copa Libertadores de Am\u00e9rica. Lima, 23 Noviembre 2019, (ANDINA).- Despu\u00e9s de 38 a\u00f1os de su \u00fanico t\u00edtulo continental, Flamengo volvi\u00f3 a proclamarse campe\u00f3n de la Copa Libertadores de Am\u00e9rica al vencer 2-1 a River Plate este s\u00e1bado en Lima, [&hellip;]<\/p>\n","protected":false},"author":1,"featured_media":60758,"comment_status":"open","ping_status":"open","sticky":false,"template":"","format":"standard","meta":{"rop_custom_images_group":[],"rop_custom_messages_group":[],"rop_publish_now":"initial","rop_publish_now_accounts":[],"rop_publish_now_history":[],"rop_publish_now_status":"pending","footnotes":""},"categories":[8],"tags":[3922,227,5052,1387],"class_list":["post-60757","post","type-post","status-publish","format-standard","has-post-thumbnail","hentry","category-disciplinas-deportivas","tag-copa-libertadores-2019","tag-flamengo","tag-gabigol","tag-river-plate"],"_links":{"self":[{"href":"https:\/\/elinformanteperu.com\/index.php\/wp-json\/wp\/v2\/posts\/60757","targetHints":{"allow":["GET"]}}],"collection":[{"href":"https:\/\/elinformanteperu.com\/index.php\/wp-json\/wp\/v2\/posts"}],"about":[{"href":"https:\/\/elinformanteperu.com\/index.php\/wp-json\/wp\/v2\/types\/post"}],"author":[{"embeddable":true,"href":"https:\/\/elinformanteperu.com\/index.php\/wp-json\/wp\/v2\/users\/1"}],"replies":[{"embeddable":true,"href":"https:\/\/elinformanteperu.com\/index.php\/wp-json\/wp\/v2\/comments?post=60757"}],"version-history":[{"count":1,"href":"https:\/\/elinformanteperu.com\/index.php\/wp-json\/wp\/v2\/posts\/60757\/revisions"}],"predecessor-version":[{"id":60759,"href":"https:\/\/elinformanteperu.com\/index.php\/wp-json\/wp\/v2\/posts\/60757\/revisions\/60759"}],"wp:featuredmedia":[{"embeddable":true,"href":"https:\/\/elinformanteperu.com\/index.php\/wp-json\/wp\/v2\/media\/60758"}],"wp:attachment":[{"href":"https:\/\/elinformanteperu.com\/index.php\/wp-json\/wp\/v2\/media?parent=60757"}],"wp:term":[{"taxonomy":"category","embeddable":true,"href":"https:\/\/elinformanteperu.com\/index.php\/wp-json\/wp\/v2\/categories?post=60757"},{"taxonomy":"post_tag","embeddable":true,"href":"https:\/\/elinformanteperu.com\/index.php\/wp-json\/wp\/v2\/tags?post=60757"}],"curies":[{"name":"wp","href":"https:\/\/api.w.org\/{rel}","templated":true}]}}