{"id":60595,"date":"2019-11-20T21:31:04","date_gmt":"2019-11-21T02:31:04","guid":{"rendered":"http:\/\/elinformanteperu.com\/?p=60595"},"modified":"2019-11-20T21:31:04","modified_gmt":"2019-11-21T02:31:04","slug":"sis-financia-proeza-medica-que-salvo-la-vida-de-joven-con-tronco-atravesado-en-el-torax","status":"publish","type":"post","link":"https:\/\/elinformanteperu.com\/index.php\/2019\/11\/20\/sis-financia-proeza-medica-que-salvo-la-vida-de-joven-con-tronco-atravesado-en-el-torax\/","title":{"rendered":"SIS financia proeza m\u00e9dica que salv\u00f3 la vida de joven con tronco atravesado en el t\u00f3rax"},"content":{"rendered":"<p><strong><span style=\"color: #000000;\">Se le realizaron 11 cirug\u00edas, participaron especialistas en cardiolog\u00eda, urolog\u00eda, nefrolog\u00eda, traumatolog\u00eda, medicina f\u00edsica, neumolog\u00eda y actualmente cirug\u00eda pl\u00e1stica. <\/span><span style=\"color: #000000;\">Fue referido a Lima en un avi\u00f3n FAP en vuelo de emergencia, de acuerdo a convenio suscrito.<\/span><\/strong><\/p>\n<p><span style=\"color: #000000;\"><strong>Lima, 20 Noviembre 2019, (El Informante Per\u00fa).-<\/strong> Hace un poco m\u00e1s de tres meses un joven awaj\u00fan resbal\u00f3 desde un tanque de agua de 30 metros de altura en la alejada localidad de Saramiriza, distrito de Manseriche, provincia de Datem del Mara\u00f1\u00f3n (Loreto) y cay\u00f3 encima de un tronco de madera de unos tres metros de largo que le atraves\u00f3 el cuerpo, da\u00f1\u00f3 severamente sus \u00f3rganos internos y lo dej\u00f3 al borde de la muerte.<\/span><\/p>\n<p><span style=\"color: #000000;\">El oportuno auxilio y traslado a\u00e9reo de emergencia a cargo de la FAP al Hospital Dos de Mayo de Lima, a\u00fan con un pedazo del tronco, de m\u00e1s de 12 cent\u00edmetros de di\u00e1metro, atravesado, posibilit\u00f3 que los m\u00e9dicos le salvaran la vida y fueran protagonistas de una proeza m\u00e9dica de alta cirug\u00eda que ha logrado que Rimer Napatsa Flores, un joven afiliado al SIS de 23 a\u00f1os, ahora est\u00e9 totalmente fuera de peligro y camino a reintegrarse a su vida cotidiana.<\/span><\/p>\n<p><img fetchpriority=\"high\" decoding=\"async\" class=\"aligncenter size-full wp-image-60597\" src=\"http:\/\/elinformanteperu.com\/wp-content\/uploads\/2019\/11\/sis-torax-atravesado2.jpg\" alt=\"\" width=\"915\" height=\"514\" srcset=\"https:\/\/elinformanteperu.com\/wp-content\/uploads\/2019\/11\/sis-torax-atravesado2.jpg 915w, https:\/\/elinformanteperu.com\/wp-content\/uploads\/2019\/11\/sis-torax-atravesado2-300x169.jpg 300w, https:\/\/elinformanteperu.com\/wp-content\/uploads\/2019\/11\/sis-torax-atravesado2-768x431.jpg 768w, https:\/\/elinformanteperu.com\/wp-content\/uploads\/2019\/11\/sis-torax-atravesado2-128x72.jpg 128w, https:\/\/elinformanteperu.com\/wp-content\/uploads\/2019\/11\/sis-torax-atravesado2-32x18.jpg 32w\" sizes=\"(max-width: 915px) 100vw, 915px\" \/><span style=\"color: #000000;\">Rimer ha sido sometido a 11 cirug\u00edas. La primera y m\u00e1s compleja, en el abdomen, la madrugada del 13 de agosto, apenas ingres\u00f3 al hospital y que dur\u00f3 cerca de cuatro horas. All\u00ed se le retir\u00f3 el pedazo de tronco incrustado y se hicieron las curaciones m\u00e1s complejas ya que los intestinos estaban perforados, el ri\u00f1\u00f3n derecho da\u00f1ado, dos costillas fracturadas, etc. Otra operaci\u00f3n fue, precisamente, para retirarle el ri\u00f1\u00f3n afectado. En total fueron tres cirug\u00edas mayores y ocho limpiezas quir\u00fargicas, adem\u00e1s de una di\u00e1lisis.<\/span><\/p>\n<p><span style=\"color: #000000;\">Los m\u00e9dicos se\u00f1alaron que su vida estuvo en riesgo no solo por las heridas sino tambi\u00e9n por la grave infecci\u00f3n que presentaba ya que el tronco ten\u00eda todo tipo de insectos, bichos y una serie de adherencias altamente contaminantes.<\/span><\/p>\n<p><img decoding=\"async\" class=\"aligncenter size-full wp-image-60598\" src=\"http:\/\/elinformanteperu.com\/wp-content\/uploads\/2019\/11\/sis-torax-atravesado.jpg\" alt=\"\" width=\"643\" height=\"363\" srcset=\"https:\/\/elinformanteperu.com\/wp-content\/uploads\/2019\/11\/sis-torax-atravesado.jpg 643w, https:\/\/elinformanteperu.com\/wp-content\/uploads\/2019\/11\/sis-torax-atravesado-300x169.jpg 300w, https:\/\/elinformanteperu.com\/wp-content\/uploads\/2019\/11\/sis-torax-atravesado-128x72.jpg 128w, https:\/\/elinformanteperu.com\/wp-content\/uploads\/2019\/11\/sis-torax-atravesado-32x18.jpg 32w, https:\/\/elinformanteperu.com\/wp-content\/uploads\/2019\/11\/sis-torax-atravesado-620x350.jpg 620w\" sizes=\"(max-width: 643px) 100vw, 643px\" \/><span style=\"color: #000000;\">Fue toda una proeza m\u00e9dica en la que participaron especialistas en cirug\u00eda general, cardiolog\u00eda, urolog\u00eda, nefrolog\u00eda, traumatolog\u00eda, medicina f\u00edsica, neumolog\u00eda y actualmente cirug\u00eda pl\u00e1stica del Hospital Dos de Mayo. Todas las operaciones, los procedimientos, an\u00e1lisis, medicinas, hospitalizaci\u00f3n, as\u00ed como su estad\u00eda y la de un acompa\u00f1ante fueron cubiertos por el SIS.<\/span><\/p>\n<p><img decoding=\"async\" class=\"aligncenter  wp-image-60599\" src=\"http:\/\/elinformanteperu.com\/wp-content\/uploads\/2019\/11\/sis-torax-atravesado3.jpg\" alt=\"\" width=\"352\" height=\"468\" srcset=\"https:\/\/elinformanteperu.com\/wp-content\/uploads\/2019\/11\/sis-torax-atravesado3.jpg 387w, https:\/\/elinformanteperu.com\/wp-content\/uploads\/2019\/11\/sis-torax-atravesado3-225x300.jpg 225w, https:\/\/elinformanteperu.com\/wp-content\/uploads\/2019\/11\/sis-torax-atravesado3-96x128.jpg 96w, https:\/\/elinformanteperu.com\/wp-content\/uploads\/2019\/11\/sis-torax-atravesado3-24x32.jpg 24w\" sizes=\"(max-width: 352px) 100vw, 352px\" \/><\/p>\n","protected":false},"excerpt":{"rendered":"<p>Se le realizaron 11 cirug\u00edas, participaron especialistas en cardiolog\u00eda, urolog\u00eda, nefrolog\u00eda, traumatolog\u00eda, medicina f\u00edsica, neumolog\u00eda y actualmente cirug\u00eda pl\u00e1stica. Fue referido a Lima en un avi\u00f3n FAP en vuelo de emergencia, de acuerdo a convenio suscrito. Lima, 20 Noviembre 2019, (El Informante Per\u00fa).- Hace un poco m\u00e1s de tres meses un joven awaj\u00fan resbal\u00f3 desde [&hellip;]<\/p>\n","protected":false},"author":1,"featured_media":60596,"comment_status":"open","ping_status":"open","sticky":false,"template":"","format":"standard","meta":{"rop_custom_images_group":[],"rop_custom_messages_group":[],"rop_publish_now":"initial","rop_publish_now_accounts":[],"rop_publish_now_history":[],"rop_publish_now_status":"pending","footnotes":""},"categories":[10],"tags":[1758],"class_list":["post-60595","post","type-post","status-publish","format-standard","has-post-thumbnail","hentry","category-actualidad-municipal","tag-sis"],"_links":{"self":[{"href":"https:\/\/elinformanteperu.com\/index.php\/wp-json\/wp\/v2\/posts\/60595","targetHints":{"allow":["GET"]}}],"collection":[{"href":"https:\/\/elinformanteperu.com\/index.php\/wp-json\/wp\/v2\/posts"}],"about":[{"href":"https:\/\/elinformanteperu.com\/index.php\/wp-json\/wp\/v2\/types\/post"}],"author":[{"embeddable":true,"href":"https:\/\/elinformanteperu.com\/index.php\/wp-json\/wp\/v2\/users\/1"}],"replies":[{"embeddable":true,"href":"https:\/\/elinformanteperu.com\/index.php\/wp-json\/wp\/v2\/comments?post=60595"}],"version-history":[{"count":1,"href":"https:\/\/elinformanteperu.com\/index.php\/wp-json\/wp\/v2\/posts\/60595\/revisions"}],"predecessor-version":[{"id":60600,"href":"https:\/\/elinformanteperu.com\/index.php\/wp-json\/wp\/v2\/posts\/60595\/revisions\/60600"}],"wp:featuredmedia":[{"embeddable":true,"href":"https:\/\/elinformanteperu.com\/index.php\/wp-json\/wp\/v2\/media\/60596"}],"wp:attachment":[{"href":"https:\/\/elinformanteperu.com\/index.php\/wp-json\/wp\/v2\/media?parent=60595"}],"wp:term":[{"taxonomy":"category","embeddable":true,"href":"https:\/\/elinformanteperu.com\/index.php\/wp-json\/wp\/v2\/categories?post=60595"},{"taxonomy":"post_tag","embeddable":true,"href":"https:\/\/elinformanteperu.com\/index.php\/wp-json\/wp\/v2\/tags?post=60595"}],"curies":[{"name":"wp","href":"https:\/\/api.w.org\/{rel}","templated":true}]}}