{"id":6049,"date":"2017-02-11T11:17:28","date_gmt":"2017-02-11T16:17:28","guid":{"rendered":"http:\/\/elinformanteperu.com\/?p=6049"},"modified":"2017-02-11T11:17:28","modified_gmt":"2017-02-11T16:17:28","slug":"corte-de-ancash-inhabilita-a-waldo-rios-para-ejercer-la-funcion-publica","status":"publish","type":"post","link":"https:\/\/elinformanteperu.com\/index.php\/2017\/02\/11\/corte-de-ancash-inhabilita-a-waldo-rios-para-ejercer-la-funcion-publica\/","title":{"rendered":"Corte de \u00c1ncash inhabilita a Waldo R\u00edos para ejercer la funci\u00f3n p\u00fablica"},"content":{"rendered":"<p><strong>La Corte Superior de Justicia de \u00c1ncash conden\u00f3 al suspendido gobernador regional de \u00c1ncash, Waldo R\u00edos Salcedo, a un a\u00f1o de inhabilitaci\u00f3n.<\/strong><\/p>\n<p><strong>\u00c1ncash, 10 Febrero 2017, (ANDINA).-<\/strong> La Corte Superior de Justicia de \u00c1ncash conden\u00f3 al suspendido gobernador regional de \u00c1ncash, Waldo R\u00edos Salcedo, a un a\u00f1o de inhabilitaci\u00f3n para ejercer la funci\u00f3n p\u00fablica, por el delito de abuso de autoridad.<\/p>\n<p>La titular de la Cuarta Fiscal\u00eda Penal Corporativa de \u00c1ncash, Linda Rodr\u00edguez Trujillo, acus\u00f3 a R\u00edos Salcedo de haber abusado de su cargo al desconocer el nombramiento de Ezequiel Mayo Lugo como representante del Gobierno Regional de \u00c1ncash en el directorio de la Autoridad Portuaria Regional.<\/p>\n<p>Por ello estableci\u00f3 un a\u00f1o de pena carcelaria suspendida y el mismo tiempo de inhabilitaci\u00f3n para el ejercicio de la funci\u00f3n p\u00fablica, as\u00ed como el pago de una reparaci\u00f3n civil de 5,000 soles. De ese total, 3,000 soles ser\u00e1n abonados directamente al agraviado y el resto a la entidad regional.<\/p>\n<p>La sentencia contra R\u00edos Salcedo fue le\u00edda en una audiencia celebrada al interior del penal V\u00edctor P\u00e9rez Liendo, donde permanece recluido desde octubre del a\u00f1o pasado cumpliendo una condena de cinco a\u00f1os de c\u00e1rcel por el delito de colusi\u00f3n desleal.<\/p>\n<p>La defensa del suspendido gobernador de \u00c1ncash, anunci\u00f3 que interpondr\u00e1 recurso de apelaci\u00f3n a la condena judicial.<\/p>\n","protected":false},"excerpt":{"rendered":"<p>La Corte Superior de Justicia de \u00c1ncash conden\u00f3 al suspendido gobernador regional de \u00c1ncash, Waldo R\u00edos Salcedo, a un a\u00f1o de inhabilitaci\u00f3n. \u00c1ncash, 10 Febrero 2017, (ANDINA).- La Corte Superior de Justicia de \u00c1ncash conden\u00f3 al suspendido gobernador regional de \u00c1ncash, Waldo R\u00edos Salcedo, a un a\u00f1o de inhabilitaci\u00f3n para ejercer la funci\u00f3n p\u00fablica, por [&hellip;]<\/p>\n","protected":false},"author":1,"featured_media":6050,"comment_status":"open","ping_status":"open","sticky":false,"template":"","format":"standard","meta":{"rop_custom_images_group":[],"rop_custom_messages_group":[],"rop_publish_now":"initial","rop_publish_now_accounts":[],"rop_publish_now_history":[],"rop_publish_now_status":"pending","footnotes":""},"categories":[10],"tags":[1081],"class_list":["post-6049","post","type-post","status-publish","format-standard","has-post-thumbnail","hentry","category-actualidad-municipal","tag-waldo-rios"],"_links":{"self":[{"href":"https:\/\/elinformanteperu.com\/index.php\/wp-json\/wp\/v2\/posts\/6049","targetHints":{"allow":["GET"]}}],"collection":[{"href":"https:\/\/elinformanteperu.com\/index.php\/wp-json\/wp\/v2\/posts"}],"about":[{"href":"https:\/\/elinformanteperu.com\/index.php\/wp-json\/wp\/v2\/types\/post"}],"author":[{"embeddable":true,"href":"https:\/\/elinformanteperu.com\/index.php\/wp-json\/wp\/v2\/users\/1"}],"replies":[{"embeddable":true,"href":"https:\/\/elinformanteperu.com\/index.php\/wp-json\/wp\/v2\/comments?post=6049"}],"version-history":[{"count":1,"href":"https:\/\/elinformanteperu.com\/index.php\/wp-json\/wp\/v2\/posts\/6049\/revisions"}],"predecessor-version":[{"id":6051,"href":"https:\/\/elinformanteperu.com\/index.php\/wp-json\/wp\/v2\/posts\/6049\/revisions\/6051"}],"wp:featuredmedia":[{"embeddable":true,"href":"https:\/\/elinformanteperu.com\/index.php\/wp-json\/wp\/v2\/media\/6050"}],"wp:attachment":[{"href":"https:\/\/elinformanteperu.com\/index.php\/wp-json\/wp\/v2\/media?parent=6049"}],"wp:term":[{"taxonomy":"category","embeddable":true,"href":"https:\/\/elinformanteperu.com\/index.php\/wp-json\/wp\/v2\/categories?post=6049"},{"taxonomy":"post_tag","embeddable":true,"href":"https:\/\/elinformanteperu.com\/index.php\/wp-json\/wp\/v2\/tags?post=6049"}],"curies":[{"name":"wp","href":"https:\/\/api.w.org\/{rel}","templated":true}]}}