{"id":6043,"date":"2017-02-11T10:56:48","date_gmt":"2017-02-11T15:56:48","guid":{"rendered":"http:\/\/elinformanteperu.com\/?p=6043"},"modified":"2017-02-11T10:56:48","modified_gmt":"2017-02-11T15:56:48","slug":"municipal-derrota-2-1-a-juan-aurich-y-consigue-su-primer-triunfo-en-el-ano","status":"publish","type":"post","link":"https:\/\/elinformanteperu.com\/index.php\/2017\/02\/11\/municipal-derrota-2-1-a-juan-aurich-y-consigue-su-primer-triunfo-en-el-ano\/","title":{"rendered":"Municipal derrota (2-1) a Juan Aurich y consigue su primer triunfo en el a\u00f1o"},"content":{"rendered":"<p><strong>Deportivo Municipal venci\u00f3 por 2-1 a Juan Aurich en el estadio Iv\u00e1n El\u00edas Moreno y consigui\u00f3 as\u00ed su primer triunfo en la temporada 2017.<\/strong><\/p>\n<p><strong>Lima, 10 Febrero 2017, (ANDINA).-<\/strong> Deportivo Municipal venci\u00f3 por 2-1 a Juan Aurich en el estadio Iv\u00e1n El\u00edas Moreno y consigui\u00f3 as\u00ed su primer triunfo en la temporada 2017.<\/p>\n<p>Dentro de un parejo duelo, un cabezazo de Rodrigo Cuba (21&#8242;) marc\u00f3 tanto el primer gol de Municipal como el inicio del dominio local del encuentro.<\/p>\n<p>Luego de una reacci\u00f3n del Juan Aurich y el equilibrio de fuerzas, un gol en contra del reci\u00e9n ingresado Jean Pierre Archimbaud (81&#8242;) pareci\u00f3 sentenciar el partido.<\/p>\n<p>No obstante, despu\u00e9s de que el \u00e1rbitro principal Miguel Santiv\u00e1\u00f1ez fuera sustituido por el cuarto \u00e1rbitro Jos\u00e9 Mendoza, el esfuerzo del equipo visitante fue recompensado con un descuento al \u00faltimo minuto de juego.<\/p>\n<p>Deportivo Municipal visitar\u00e1 a Alianza Lima en la pr\u00f3xima fecha y Juan Aurich ser\u00e1 local ante Comerciantes Unidos.<\/p>\n<p><iframe src=\"https:\/\/www.youtube-nocookie.com\/embed\/Jc0wAs88RW8?rel=0&amp;controls=0&amp;showinfo=0\" width=\"560\" height=\"315\" frameborder=\"0\" allowfullscreen=\"allowfullscreen\"><\/iframe><\/p>\n","protected":false},"excerpt":{"rendered":"<p>Deportivo Municipal venci\u00f3 por 2-1 a Juan Aurich en el estadio Iv\u00e1n El\u00edas Moreno y consigui\u00f3 as\u00ed su primer triunfo en la temporada 2017. Lima, 10 Febrero 2017, (ANDINA).- Deportivo Municipal venci\u00f3 por 2-1 a Juan Aurich en el estadio Iv\u00e1n El\u00edas Moreno y consigui\u00f3 as\u00ed su primer triunfo en la temporada 2017. Dentro de [&hellip;]<\/p>\n","protected":false},"author":1,"featured_media":6044,"comment_status":"open","ping_status":"open","sticky":false,"template":"","format":"standard","meta":{"rop_custom_images_group":[],"rop_custom_messages_group":[],"rop_publish_now":"initial","rop_publish_now_accounts":[],"rop_publish_now_history":[],"rop_publish_now_status":"pending","footnotes":""},"categories":[8],"tags":[230,663,273],"class_list":["post-6043","post","type-post","status-publish","format-standard","has-post-thumbnail","hentry","category-disciplinas-deportivas","tag-deportivo-municipal","tag-descentralizado-2017","tag-juan-aurich"],"_links":{"self":[{"href":"https:\/\/elinformanteperu.com\/index.php\/wp-json\/wp\/v2\/posts\/6043","targetHints":{"allow":["GET"]}}],"collection":[{"href":"https:\/\/elinformanteperu.com\/index.php\/wp-json\/wp\/v2\/posts"}],"about":[{"href":"https:\/\/elinformanteperu.com\/index.php\/wp-json\/wp\/v2\/types\/post"}],"author":[{"embeddable":true,"href":"https:\/\/elinformanteperu.com\/index.php\/wp-json\/wp\/v2\/users\/1"}],"replies":[{"embeddable":true,"href":"https:\/\/elinformanteperu.com\/index.php\/wp-json\/wp\/v2\/comments?post=6043"}],"version-history":[{"count":1,"href":"https:\/\/elinformanteperu.com\/index.php\/wp-json\/wp\/v2\/posts\/6043\/revisions"}],"predecessor-version":[{"id":6045,"href":"https:\/\/elinformanteperu.com\/index.php\/wp-json\/wp\/v2\/posts\/6043\/revisions\/6045"}],"wp:featuredmedia":[{"embeddable":true,"href":"https:\/\/elinformanteperu.com\/index.php\/wp-json\/wp\/v2\/media\/6044"}],"wp:attachment":[{"href":"https:\/\/elinformanteperu.com\/index.php\/wp-json\/wp\/v2\/media?parent=6043"}],"wp:term":[{"taxonomy":"category","embeddable":true,"href":"https:\/\/elinformanteperu.com\/index.php\/wp-json\/wp\/v2\/categories?post=6043"},{"taxonomy":"post_tag","embeddable":true,"href":"https:\/\/elinformanteperu.com\/index.php\/wp-json\/wp\/v2\/tags?post=6043"}],"curies":[{"name":"wp","href":"https:\/\/api.w.org\/{rel}","templated":true}]}}