{"id":60309,"date":"2019-11-17T11:56:53","date_gmt":"2019-11-17T16:56:53","guid":{"rendered":"http:\/\/elinformanteperu.com\/?p=60309"},"modified":"2019-11-17T11:56:53","modified_gmt":"2019-11-17T16:56:53","slug":"garcia-sayan-no-tiene-sentido-proceso-a-ministros-por-presunta-infraccion-a-neutralidad","status":"publish","type":"post","link":"https:\/\/elinformanteperu.com\/index.php\/2019\/11\/17\/garcia-sayan-no-tiene-sentido-proceso-a-ministros-por-presunta-infraccion-a-neutralidad\/","title":{"rendered":"Garc\u00eda-Say\u00e1n: no tiene sentido proceso a ministros por presunta infracci\u00f3n a neutralidad"},"content":{"rendered":"<p><strong><span style=\"color: #000000;\">Diego Garc\u00eda-Say\u00e1n consider\u00f3 que no tiene sentido el proceso abierto por el Jurado Especial Electoral contra el presidente del Consejo de Ministros, Vicente Zeballos, y la ministra de la Mujer, Gloria Montenegro.<\/span><\/strong><\/p>\n<p><span style=\"color: #000000;\"><strong>Lima, 15 Noviembre 2019, (ANDINA).-<\/strong> El jurista Diego Garc\u00eda-Say\u00e1n consider\u00f3 que no tiene sentido el proceso abierto por el Jurado Especial Electoral Lima Centro contra el presidente del Consejo de Ministros, Vicente Zeballos, y la ministra de la Mujer, Gloria Montenegro, por una presunta vulneraci\u00f3n a la neutralidad electoral.<\/span><\/p>\n<p><span style=\"color: #000000;\">Sostuvo que cuando ambos ministros dieron su opini\u00f3n, en el sentido de que los excongresistas del Parlamento disuelto no pod\u00edan participar en las elecciones del 26 de enero del 2020, el Jurado Nacional de Elecciones (JNE) no hab\u00eda emitido un pronunciamiento al respecto.<\/span><\/p>\n<p><span style=\"color: #000000;\">\u201cEra una opini\u00f3n, da la impresi\u00f3n de que no se pone el eje de las cosas donde se ten\u00eda que poner. No tiene ning\u00fan sentido, es una opini\u00f3n que se da cuando no hab\u00eda una definici\u00f3n por parte del JNE que se demor\u00f3 hasta hace tres d\u00edas para tomar una decisi\u00f3n que debi\u00f3 haberse hecho en su momento\u201d, afirm\u00f3.<\/span><\/p>\n<p><span style=\"color: #000000;\">El Jurado Especial Electoral Lima Centro inform\u00f3 ayer el inicio de un proceso contra ambos ministros, a quienes les concedi\u00f3 tres d\u00edas de plazo para presentar sus descargos.<\/span><\/p>\n<p><span style=\"color: #000000;\">Garc\u00eda-Say\u00e1n sostuvo en Radio Nacional que el JNE debi\u00f3 dilucidar este aspecto mientras los partidos pol\u00edticos realizan el proceso de selecci\u00f3n interna de sus candidatos a las elecciones parlamentarias del 2020.<\/span><\/p>\n<p><span style=\"color: #000000;\">\u201cMientras estaban haciendo sus procesos de selecci\u00f3n interna de candidatos, la autoridad electoral no hab\u00eda definido qui\u00e9nes pod\u00edan postular y qui\u00e9nes no. No se conoc\u00edan las reglas para seleccionar (a candidatos) y eso es culpa del jurado\u201d, afirm\u00f3.<\/span><\/p>\n<p><span style=\"color: #000000;\">Precis\u00f3 que el papel de la autoridad electoral en este proceso debe enfatizarse en dar todas las garant\u00edas, se\u00f1ales y evidencias de que es independiente y que su \u00fanico objetivo es conducir un proceso electoral transparente.<\/span><\/p>\n<p><span style=\"color: #000000;\">Sostuvo que est\u00e1 de acuerdo en que los excongresistas del Parlamento disuelto puedan participar en las elecciones de enero del 2020, como lo ha dispuesto el JNE.<\/span><\/p>\n<p><span style=\"color: #000000;\">Indic\u00f3, adem\u00e1s, que ser\u00e1 dif\u00edcil, en un contexto como el actual, que el pr\u00f3ximo Parlamento tenga una mayor\u00eda amplia de Fuerza Popular, como ocurri\u00f3 con el Congreso disuelto, pese a que varios exlegisladores de esa bancada se presentan por otros partidos.<\/span><\/p>\n<p><span style=\"color: #000000;\">Estim\u00f3 que aun cuando haya un Congreso sin mayor\u00edas, eso llevar\u00e1 a que se impulsen el di\u00e1logo y los acuerdos.<\/span><\/p>\n","protected":false},"excerpt":{"rendered":"<p>Diego Garc\u00eda-Say\u00e1n consider\u00f3 que no tiene sentido el proceso abierto por el Jurado Especial Electoral contra el presidente del Consejo de Ministros, Vicente Zeballos, y la ministra de la Mujer, Gloria Montenegro. Lima, 15 Noviembre 2019, (ANDINA).- El jurista Diego Garc\u00eda-Say\u00e1n consider\u00f3 que no tiene sentido el proceso abierto por el Jurado Especial Electoral Lima [&hellip;]<\/p>\n","protected":false},"author":1,"featured_media":57975,"comment_status":"open","ping_status":"open","sticky":false,"template":"","format":"standard","meta":{"rop_custom_images_group":[],"rop_custom_messages_group":[],"rop_publish_now":"initial","rop_publish_now_accounts":[],"rop_publish_now_history":[],"rop_publish_now_status":"pending","footnotes":""},"categories":[5],"tags":[2440,2125,4648,477],"class_list":["post-60309","post","type-post","status-publish","format-standard","has-post-thumbnail","hentry","category-actualidad-informativa","tag-diego-garcia-sayan","tag-gloria-montenegro","tag-jurado-electoral-especial","tag-vicente-zeballos"],"_links":{"self":[{"href":"https:\/\/elinformanteperu.com\/index.php\/wp-json\/wp\/v2\/posts\/60309","targetHints":{"allow":["GET"]}}],"collection":[{"href":"https:\/\/elinformanteperu.com\/index.php\/wp-json\/wp\/v2\/posts"}],"about":[{"href":"https:\/\/elinformanteperu.com\/index.php\/wp-json\/wp\/v2\/types\/post"}],"author":[{"embeddable":true,"href":"https:\/\/elinformanteperu.com\/index.php\/wp-json\/wp\/v2\/users\/1"}],"replies":[{"embeddable":true,"href":"https:\/\/elinformanteperu.com\/index.php\/wp-json\/wp\/v2\/comments?post=60309"}],"version-history":[{"count":1,"href":"https:\/\/elinformanteperu.com\/index.php\/wp-json\/wp\/v2\/posts\/60309\/revisions"}],"predecessor-version":[{"id":60310,"href":"https:\/\/elinformanteperu.com\/index.php\/wp-json\/wp\/v2\/posts\/60309\/revisions\/60310"}],"wp:featuredmedia":[{"embeddable":true,"href":"https:\/\/elinformanteperu.com\/index.php\/wp-json\/wp\/v2\/media\/57975"}],"wp:attachment":[{"href":"https:\/\/elinformanteperu.com\/index.php\/wp-json\/wp\/v2\/media?parent=60309"}],"wp:term":[{"taxonomy":"category","embeddable":true,"href":"https:\/\/elinformanteperu.com\/index.php\/wp-json\/wp\/v2\/categories?post=60309"},{"taxonomy":"post_tag","embeddable":true,"href":"https:\/\/elinformanteperu.com\/index.php\/wp-json\/wp\/v2\/tags?post=60309"}],"curies":[{"name":"wp","href":"https:\/\/api.w.org\/{rel}","templated":true}]}}