{"id":60306,"date":"2019-11-17T11:52:44","date_gmt":"2019-11-17T16:52:44","guid":{"rendered":"http:\/\/elinformanteperu.com\/?p=60306"},"modified":"2019-11-17T11:52:44","modified_gmt":"2019-11-17T16:52:44","slug":"cancion-sin-nombre-filme-peruano-gana-2-premios-en-festival-internacional-de-estocolmo","status":"publish","type":"post","link":"https:\/\/elinformanteperu.com\/index.php\/2019\/11\/17\/cancion-sin-nombre-filme-peruano-gana-2-premios-en-festival-internacional-de-estocolmo\/","title":{"rendered":"\u00abCanci\u00f3n sin nombre\u00bb: filme peruano gana 2 premios en Festival Internacional de Estocolmo"},"content":{"rendered":"<p><strong><span style=\"color: #000000;\">La cinta peruana \u00abCanci\u00f3n sin nombre\u00bb de la peruana Melina Le\u00f3n gan\u00f3 los premios de Mejor Pel\u00edcula y Mejor Fotograf\u00eda en el Festival Internacional de Estocolmo.<\/span><\/strong><\/p>\n<p><span style=\"color: #000000;\"><strong>Estocolmo, 15 Noviembre 2019, (ANDINA).-<\/strong> La cinta peruana \u00abCanci\u00f3n sin nombre\u00bb de la peruana Melina Le\u00f3n gan\u00f3 los premios de Mejor Pel\u00edcula y Mejor Fotograf\u00eda en la \u00faltima edici\u00f3n del Festival Internacional de Estocolmo.<\/span><\/p>\n<p><span style=\"color: #000000;\">La historia que nos muestra \u00abCanci\u00f3n sin nombre\u00bb gira en torno a la vida de una mujer cuyo beb\u00e9 es secuestrado al nacer en la \u00e9poca de Sendero Luminoso y el de un periodista que la ayuda a investigar el tr\u00e1fico infantil con la esperanza de encontrarlo.<\/span><\/p>\n<p><span style=\"color: #000000;\">El filme dirigido por Melina Le\u00f3n logr\u00f3 as\u00ed un nuevo reconocimiento en el extranjero despu\u00e9s de obtener hace unos d\u00edas dos premios en el Festival de Cine de Thessaloniki, en Grecia.<\/span><\/p>\n<p><span style=\"color: #000000;\">Esta pel\u00edcula hispano peruana fue estrenada en la Quincena de Realizadores de Cannes 2019 y nominada al premio Cam\u00e9ra d&#8217;Or, adem\u00e1s de seleccionada para m\u00e1s de 40 festivales internacionales de cine, ganando varios reconocimientos, incluido el prestigioso Premio Cinevision en el Festival de Cine de M\u00fanich.<\/span><\/p>\n<p><span style=\"color: #000000;\">Re\u00fane tambi\u00e9n dos premios en el Festival de Cine de Vi\u00f1a del Mar en Chile y dos galardones en el Festival de Montreal en Canad\u00e1.<\/span><\/p>\n<p><iframe title=\"Trailer de Canci\u00f3n sin nombre \u2014 Song Without Name subtitulado en ingl\u00e9s (HD)\" width=\"615\" height=\"346\" src=\"https:\/\/www.youtube.com\/embed\/LzGXacgsw68?feature=oembed\" frameborder=\"0\" allow=\"accelerometer; autoplay; clipboard-write; encrypted-media; gyroscope; picture-in-picture; web-share\" referrerpolicy=\"strict-origin-when-cross-origin\" allowfullscreen><\/iframe><\/p>\n","protected":false},"excerpt":{"rendered":"<p>La cinta peruana \u00abCanci\u00f3n sin nombre\u00bb de la peruana Melina Le\u00f3n gan\u00f3 los premios de Mejor Pel\u00edcula y Mejor Fotograf\u00eda en el Festival Internacional de Estocolmo. Estocolmo, 15 Noviembre 2019, (ANDINA).- La cinta peruana \u00abCanci\u00f3n sin nombre\u00bb de la peruana Melina Le\u00f3n gan\u00f3 los premios de Mejor Pel\u00edcula y Mejor Fotograf\u00eda en la \u00faltima edici\u00f3n [&hellip;]<\/p>\n","protected":false},"author":1,"featured_media":60307,"comment_status":"open","ping_status":"open","sticky":false,"template":"","format":"standard","meta":{"rop_custom_images_group":[],"rop_custom_messages_group":[],"rop_publish_now":"initial","rop_publish_now_accounts":[],"rop_publish_now_history":[],"rop_publish_now_status":"pending","footnotes":""},"categories":[7],"tags":[5032,1626],"class_list":["post-60306","post","type-post","status-publish","format-standard","has-post-thumbnail","hentry","category-butaca","tag-cancion-sin-nombre","tag-cine-peruano"],"_links":{"self":[{"href":"https:\/\/elinformanteperu.com\/index.php\/wp-json\/wp\/v2\/posts\/60306","targetHints":{"allow":["GET"]}}],"collection":[{"href":"https:\/\/elinformanteperu.com\/index.php\/wp-json\/wp\/v2\/posts"}],"about":[{"href":"https:\/\/elinformanteperu.com\/index.php\/wp-json\/wp\/v2\/types\/post"}],"author":[{"embeddable":true,"href":"https:\/\/elinformanteperu.com\/index.php\/wp-json\/wp\/v2\/users\/1"}],"replies":[{"embeddable":true,"href":"https:\/\/elinformanteperu.com\/index.php\/wp-json\/wp\/v2\/comments?post=60306"}],"version-history":[{"count":1,"href":"https:\/\/elinformanteperu.com\/index.php\/wp-json\/wp\/v2\/posts\/60306\/revisions"}],"predecessor-version":[{"id":60308,"href":"https:\/\/elinformanteperu.com\/index.php\/wp-json\/wp\/v2\/posts\/60306\/revisions\/60308"}],"wp:featuredmedia":[{"embeddable":true,"href":"https:\/\/elinformanteperu.com\/index.php\/wp-json\/wp\/v2\/media\/60307"}],"wp:attachment":[{"href":"https:\/\/elinformanteperu.com\/index.php\/wp-json\/wp\/v2\/media?parent=60306"}],"wp:term":[{"taxonomy":"category","embeddable":true,"href":"https:\/\/elinformanteperu.com\/index.php\/wp-json\/wp\/v2\/categories?post=60306"},{"taxonomy":"post_tag","embeddable":true,"href":"https:\/\/elinformanteperu.com\/index.php\/wp-json\/wp\/v2\/tags?post=60306"}],"curies":[{"name":"wp","href":"https:\/\/api.w.org\/{rel}","templated":true}]}}