{"id":60299,"date":"2019-11-17T09:55:50","date_gmt":"2019-11-17T14:55:50","guid":{"rendered":"http:\/\/elinformanteperu.com\/?p=60299"},"modified":"2019-11-17T09:55:50","modified_gmt":"2019-11-17T14:55:50","slug":"muere-exvoleibolista-olimpica-peruana-irma-cordero","status":"publish","type":"post","link":"https:\/\/elinformanteperu.com\/index.php\/2019\/11\/17\/muere-exvoleibolista-olimpica-peruana-irma-cordero\/","title":{"rendered":"Muere exvoleibolista ol\u00edmpica peruana Irma Cordero"},"content":{"rendered":"<p><strong><span style=\"color: #000000;\">La exvoleibolista ol\u00edmpica peruana Irma Cordero, de 77 a\u00f1os, quien fue campeona sudamericana y subcampeona panamericana entre los a\u00f1os 60 y 70, muri\u00f3 este s\u00e1bado.<\/span><\/strong><\/p>\n<p><span style=\"color: #000000;\"><strong>Lima, 15 Noviembre 2019, (ANDINA).-<\/strong> La exvoleibolista ol\u00edmpica peruana Irma Cordero, de 77 a\u00f1os, quien fue campeona sudamericana y subcampeona panamericana entre los a\u00f1os 60 y 70, muri\u00f3 este s\u00e1bado; as\u00ed lo inform\u00f3 la Federaci\u00f3n Peruana Voleibol (FPV).<\/span><\/p>\n<p><span style=\"color: #000000;\">\u00abLa Federaci\u00f3n Peruana de Voleibol (FPV), cumple con el penoso deber de informar del fallecimiento de nuestra querida Irma Cordero Bonilla. Irma fue una brillante seleccionada nacional, destac\u00e1ndose como capitana de las selecciones absolutas luego de Pilancho Jim\u00e9nez, entre los a\u00f1os 60 y 70\u00bb, se\u00f1al\u00f3 la FPV a trav\u00e9s de su cuenta oficial de Facebook.<\/span><\/p>\n<p><span style=\"color: #000000;\">Se desconocen las causas de la muerte de la exdeportista, natural de Pisco. Cordero particip\u00f3 en los Juegos Ol\u00edmpicos de M\u00e9xico 1968 y en la primera Copa del Mundo de 1973, en donde Per\u00fa obtuvo el cuarto puesto en ambas competiciones, bajo la direcci\u00f3n de Akira Kato.<\/span><\/p>\n<p><span style=\"color: #000000;\">Cordero Bonilla particip\u00f3 con la selecci\u00f3n peruana hasta el Campeonato Mundial de 1978. Tambi\u00e9n ayud\u00f3 a popularizar el voleibol en el Per\u00fa con numerosas giras que hizo con la selecci\u00f3n a provincias.<\/span><\/p>\n<p><img fetchpriority=\"high\" decoding=\"async\" class=\"aligncenter  wp-image-60301\" src=\"http:\/\/elinformanteperu.com\/wp-content\/uploads\/2019\/11\/Irma-cordero-seleccion-voley.jpg\" alt=\"\" width=\"401\" height=\"398\" srcset=\"https:\/\/elinformanteperu.com\/wp-content\/uploads\/2019\/11\/Irma-cordero-seleccion-voley.jpg 500w, https:\/\/elinformanteperu.com\/wp-content\/uploads\/2019\/11\/Irma-cordero-seleccion-voley-300x298.jpg 300w, https:\/\/elinformanteperu.com\/wp-content\/uploads\/2019\/11\/Irma-cordero-seleccion-voley-150x150.jpg 150w, https:\/\/elinformanteperu.com\/wp-content\/uploads\/2019\/11\/Irma-cordero-seleccion-voley-128x128.jpg 128w, https:\/\/elinformanteperu.com\/wp-content\/uploads\/2019\/11\/Irma-cordero-seleccion-voley-32x32.jpg 32w, https:\/\/elinformanteperu.com\/wp-content\/uploads\/2019\/11\/Irma-cordero-seleccion-voley-60x60.jpg 60w, https:\/\/elinformanteperu.com\/wp-content\/uploads\/2019\/11\/Irma-cordero-seleccion-voley-50x50.jpg 50w\" sizes=\"(max-width: 401px) 100vw, 401px\" \/><\/p>\n","protected":false},"excerpt":{"rendered":"<p>La exvoleibolista ol\u00edmpica peruana Irma Cordero, de 77 a\u00f1os, quien fue campeona sudamericana y subcampeona panamericana entre los a\u00f1os 60 y 70, muri\u00f3 este s\u00e1bado. Lima, 15 Noviembre 2019, (ANDINA).- La exvoleibolista ol\u00edmpica peruana Irma Cordero, de 77 a\u00f1os, quien fue campeona sudamericana y subcampeona panamericana entre los a\u00f1os 60 y 70, muri\u00f3 este s\u00e1bado; [&hellip;]<\/p>\n","protected":false},"author":1,"featured_media":60300,"comment_status":"open","ping_status":"open","sticky":false,"template":"","format":"standard","meta":{"rop_custom_images_group":[],"rop_custom_messages_group":[],"rop_publish_now":"initial","rop_publish_now_accounts":[],"rop_publish_now_history":[],"rop_publish_now_status":"pending","footnotes":""},"categories":[8],"tags":[5031,651],"class_list":["post-60299","post","type-post","status-publish","format-standard","has-post-thumbnail","hentry","category-disciplinas-deportivas","tag-irma-cordero","tag-voley"],"_links":{"self":[{"href":"https:\/\/elinformanteperu.com\/index.php\/wp-json\/wp\/v2\/posts\/60299","targetHints":{"allow":["GET"]}}],"collection":[{"href":"https:\/\/elinformanteperu.com\/index.php\/wp-json\/wp\/v2\/posts"}],"about":[{"href":"https:\/\/elinformanteperu.com\/index.php\/wp-json\/wp\/v2\/types\/post"}],"author":[{"embeddable":true,"href":"https:\/\/elinformanteperu.com\/index.php\/wp-json\/wp\/v2\/users\/1"}],"replies":[{"embeddable":true,"href":"https:\/\/elinformanteperu.com\/index.php\/wp-json\/wp\/v2\/comments?post=60299"}],"version-history":[{"count":1,"href":"https:\/\/elinformanteperu.com\/index.php\/wp-json\/wp\/v2\/posts\/60299\/revisions"}],"predecessor-version":[{"id":60302,"href":"https:\/\/elinformanteperu.com\/index.php\/wp-json\/wp\/v2\/posts\/60299\/revisions\/60302"}],"wp:featuredmedia":[{"embeddable":true,"href":"https:\/\/elinformanteperu.com\/index.php\/wp-json\/wp\/v2\/media\/60300"}],"wp:attachment":[{"href":"https:\/\/elinformanteperu.com\/index.php\/wp-json\/wp\/v2\/media?parent=60299"}],"wp:term":[{"taxonomy":"category","embeddable":true,"href":"https:\/\/elinformanteperu.com\/index.php\/wp-json\/wp\/v2\/categories?post=60299"},{"taxonomy":"post_tag","embeddable":true,"href":"https:\/\/elinformanteperu.com\/index.php\/wp-json\/wp\/v2\/tags?post=60299"}],"curies":[{"name":"wp","href":"https:\/\/api.w.org\/{rel}","templated":true}]}}