{"id":60287,"date":"2019-11-15T23:56:52","date_gmt":"2019-11-16T04:56:52","guid":{"rendered":"http:\/\/elinformanteperu.com\/?p=60287"},"modified":"2019-11-15T23:56:52","modified_gmt":"2019-11-16T04:56:52","slug":"anahi-de-cardenas-fue-intervenida-con-exito-en-primera-operacion-contra-el-cancer-de-mama","status":"publish","type":"post","link":"https:\/\/elinformanteperu.com\/index.php\/2019\/11\/15\/anahi-de-cardenas-fue-intervenida-con-exito-en-primera-operacion-contra-el-cancer-de-mama\/","title":{"rendered":"Anah\u00ed de C\u00e1rdenas fue intervenida con \u00e9xito en primera operaci\u00f3n contra el c\u00e1ncer de mama"},"content":{"rendered":"<p><strong><span style=\"color: #000000;\">La actriz peruana Anah\u00ed de C\u00e1rdenas fue intervenida con \u00e9xito en la primera operaci\u00f3n quir\u00fargica a la que fue sometida contra el c\u00e1ncer de mama.<\/span><\/strong><\/p>\n<p><span style=\"color: #000000;\"><strong>Lima, 15 Noviembre 2019, (ANDINA).-<\/strong> La actriz peruana Anah\u00ed de C\u00e1rdenas fue intervenida con \u00e9xito en la primera operaci\u00f3n quir\u00fargica a la que fue sometida contra el c\u00e1ncer de mama, inform\u00f3 en su cuenta oficial de Instagram.<\/span><\/p>\n<p><span style=\"color: #000000;\">La artista, recordada por sus roles protag\u00f3nicos en \u00abDioses\u00bb y \u00abM\u00e1ncora\u00bb, revel\u00f3 en sus redes sociales que el pasado 4 de noviembre fue diagnosticada con c\u00e1ncer de mama, luego de realizarse un chequeo m\u00e9dico anual.<\/span><\/p>\n<p><span style=\"color: #000000;\">A trav\u00e9s de su redes sociales, la actriz de \u00abAsu Mare\u00bb comparti\u00f3 un v\u00eddeo donde cont\u00f3 a sus seguidores c\u00f3mo se enter\u00f3 de la noticia.<\/span><\/p>\n<p><span style=\"color: #000000;\">De C\u00e1rdenas se estren\u00f3 como actriz en la serie \u00abEsta sociedad\u00bb, transmitida durante el 2006. Tambi\u00e9n ha laborado en la televisi\u00f3n y el cine en las producciones \u00abAl fondo hay sitio\u00bb, \u00abLalola\u00bb, \u00abDioses\u00bb, entre otros. En el 2009, fue parte del \u00abreality\u00bb \u00abEl show de los sue\u00f1os\u00bb y en el 2013 lanz\u00f3 su disco pop \u00abWho&#8217;s That Girl\u00bb.<\/span><\/p>\n<p><img fetchpriority=\"high\" decoding=\"async\" class=\"aligncenter size-full wp-image-60289\" src=\"http:\/\/elinformanteperu.com\/wp-content\/uploads\/2019\/11\/anahi-de-cardenas1.jpg\" alt=\"\" width=\"976\" height=\"560\" srcset=\"https:\/\/elinformanteperu.com\/wp-content\/uploads\/2019\/11\/anahi-de-cardenas1.jpg 976w, https:\/\/elinformanteperu.com\/wp-content\/uploads\/2019\/11\/anahi-de-cardenas1-300x172.jpg 300w, https:\/\/elinformanteperu.com\/wp-content\/uploads\/2019\/11\/anahi-de-cardenas1-768x441.jpg 768w, https:\/\/elinformanteperu.com\/wp-content\/uploads\/2019\/11\/anahi-de-cardenas1-128x73.jpg 128w, https:\/\/elinformanteperu.com\/wp-content\/uploads\/2019\/11\/anahi-de-cardenas1-32x18.jpg 32w\" sizes=\"(max-width: 976px) 100vw, 976px\" \/><\/p>\n","protected":false},"excerpt":{"rendered":"<p>La actriz peruana Anah\u00ed de C\u00e1rdenas fue intervenida con \u00e9xito en la primera operaci\u00f3n quir\u00fargica a la que fue sometida contra el c\u00e1ncer de mama. Lima, 15 Noviembre 2019, (ANDINA).- La actriz peruana Anah\u00ed de C\u00e1rdenas fue intervenida con \u00e9xito en la primera operaci\u00f3n quir\u00fargica a la que fue sometida contra el c\u00e1ncer de mama, [&hellip;]<\/p>\n","protected":false},"author":1,"featured_media":60288,"comment_status":"open","ping_status":"open","sticky":false,"template":"","format":"standard","meta":{"rop_custom_images_group":[],"rop_custom_messages_group":[],"rop_publish_now":"initial","rop_publish_now_accounts":[],"rop_publish_now_history":[],"rop_publish_now_status":"pending","footnotes":""},"categories":[70],"tags":[2300,3680],"class_list":["post-60287","post","type-post","status-publish","format-standard","has-post-thumbnail","hentry","category-farandula","tag-anahi-de-cardenas","tag-cancer-de-mama"],"_links":{"self":[{"href":"https:\/\/elinformanteperu.com\/index.php\/wp-json\/wp\/v2\/posts\/60287","targetHints":{"allow":["GET"]}}],"collection":[{"href":"https:\/\/elinformanteperu.com\/index.php\/wp-json\/wp\/v2\/posts"}],"about":[{"href":"https:\/\/elinformanteperu.com\/index.php\/wp-json\/wp\/v2\/types\/post"}],"author":[{"embeddable":true,"href":"https:\/\/elinformanteperu.com\/index.php\/wp-json\/wp\/v2\/users\/1"}],"replies":[{"embeddable":true,"href":"https:\/\/elinformanteperu.com\/index.php\/wp-json\/wp\/v2\/comments?post=60287"}],"version-history":[{"count":1,"href":"https:\/\/elinformanteperu.com\/index.php\/wp-json\/wp\/v2\/posts\/60287\/revisions"}],"predecessor-version":[{"id":60290,"href":"https:\/\/elinformanteperu.com\/index.php\/wp-json\/wp\/v2\/posts\/60287\/revisions\/60290"}],"wp:featuredmedia":[{"embeddable":true,"href":"https:\/\/elinformanteperu.com\/index.php\/wp-json\/wp\/v2\/media\/60288"}],"wp:attachment":[{"href":"https:\/\/elinformanteperu.com\/index.php\/wp-json\/wp\/v2\/media?parent=60287"}],"wp:term":[{"taxonomy":"category","embeddable":true,"href":"https:\/\/elinformanteperu.com\/index.php\/wp-json\/wp\/v2\/categories?post=60287"},{"taxonomy":"post_tag","embeddable":true,"href":"https:\/\/elinformanteperu.com\/index.php\/wp-json\/wp\/v2\/tags?post=60287"}],"curies":[{"name":"wp","href":"https:\/\/api.w.org\/{rel}","templated":true}]}}