{"id":60284,"date":"2019-11-15T20:24:43","date_gmt":"2019-11-16T01:24:43","guid":{"rendered":"http:\/\/elinformanteperu.com\/?p=60284"},"modified":"2019-11-15T20:24:43","modified_gmt":"2019-11-16T01:24:43","slug":"mon-laferte-protesta-con-el-torso-desnudo-contra-situacion-en-chile","status":"publish","type":"post","link":"https:\/\/elinformanteperu.com\/index.php\/2019\/11\/15\/mon-laferte-protesta-con-el-torso-desnudo-contra-situacion-en-chile\/","title":{"rendered":"Mon Laferte protesta con el torso desnudo contra situaci\u00f3n en Chile"},"content":{"rendered":"<p><strong><span style=\"color: #000000;\">La cantante chilena Mon Laferte mostr\u00f3 su torso desnudo en la alfombra roja de los premios Grammy Latinos para protestar contra la violencia que vive su pa\u00eds.<\/span><\/strong><\/p>\n<p><span style=\"color: #000000;\"><strong>Las Vegas, 15 Noviembre 2019, (Prensa Latina).-<\/strong> La cantante chilena Mon Laferte mostr\u00f3 su torso desnudo en la alfombra roja de los premios Grammy Latinos para protestar contra la violencia que vive su pa\u00eds.<\/span><\/p>\n<p><span style=\"color: #000000;\">La int\u00e9rprete de la naci\u00f3n sudamericana descubri\u00f3 sus pechos ante los fot\u00f3grafos que tomaban im\u00e1genes de los artistas mientras entraban al MGM Grand Garden Arena de la ciudad estadounidense de Las Vegas, sede del evento, para mostrar el mensaje: &#8216;En Chile torturan, matan y violan&#8217;.<\/span><\/p>\n<p><span style=\"color: #000000;\">Asimismo, Laferte luci\u00f3 en su cuello un pa\u00f1uelo verde, s\u00edmbolo de la resistencia de las mujeres y, en particular, de la lucha por el derecho al aborto.<\/span><\/p>\n<p><span style=\"color: #000000;\">La cantante, quien en una pregala previa a la ceremonia de esta noche se llev\u00f3 el Grammy a Mejor \u00c1lbum de M\u00fasica Alternativa por su disco Norma, aprovech\u00f3 su momento en ese espacio para leer una d\u00e9cima de la cantautora Fabiola Gonz\u00e1lez, &#8216;La Chinganera&#8217;, sobre la situaci\u00f3n en su pa\u00eds.<\/span><\/p>\n<p><span style=\"color: #000000;\">&#8216;Chile me dueles por dentro\/, me sangras por cada vena\/, me pesa cada cadena\/ que te aprisiona hasta el centro.\/ Chile afuera, Chile adentro.\/ Chile al son de la injusticia,\/ la bota de la milicia,\/ la bala del que no escucha.\/ No detendr\u00e1n nuestra lucha, hasta que se haga justicia&#8217;, ley\u00f3.<\/span><\/p>\n<p><span style=\"color: #000000;\">La v\u00edspera, al participar en una gala en homenaje a la trayectoria del colombiano Juanes, Laferte declar\u00f3 al diario espa\u00f1ol El Pa\u00eds que se sent\u00eda algo rid\u00edcula por estar all\u00ed vestida cuando en su pa\u00eds todo arde.<\/span><\/p>\n<p><span style=\"color: #000000;\">&#8216;Es muy extra\u00f1o porque yo estaba en Chile ahora, me sum\u00e9 a un grupo de artistas que iban a tocar a las poblaciones. Y ah\u00ed salieron un mont\u00f3n de testimonios de violaciones a los derechos humanos en este tour. Yo pretendo regresar y sumarme&#8217;, expres\u00f3 al medio.<\/span><\/p>\n<p><span style=\"color: #000000;\">La cantante, quien tom\u00f3 parte en diversas marchas y actividades vinculadas a las manifestaciones sociales de las \u00faltimas semanas en la naci\u00f3n sudamericana, cont\u00f3 que al inicio de las protestas su madre le cont\u00f3 que estaban los militares en la calle y hab\u00eda toque de queda.<\/span><\/p>\n<p><span style=\"color: #000000;\">&#8216;Dije, tengo que estar all\u00e1. No importa c\u00f3mo&#8217;, record\u00f3 sobre su decisi\u00f3n de viajar a Chile y unirse a la lucha que vive ese territorio.<\/span><\/p>\n<p><span style=\"color: #000000;\">Laferte a\u00f1adi\u00f3 que se plante\u00f3 mucho no acudir a los Grammy. &#8216;Yo aqu\u00ed con mi vestido&#8230;Pero luego pens\u00e9: tengo que ir porque ah\u00ed puedo hablar por la gente que no puede&#8217;.<\/span><\/p>\n<p><iframe title=\"Mon Laferte - Tu Falta De Querer (En Vivo)\" width=\"615\" height=\"346\" src=\"https:\/\/www.youtube.com\/embed\/5R1RGl4WQP8?feature=oembed\" frameborder=\"0\" allow=\"accelerometer; autoplay; clipboard-write; encrypted-media; gyroscope; picture-in-picture; web-share\" referrerpolicy=\"strict-origin-when-cross-origin\" allowfullscreen><\/iframe><\/p>\n","protected":false},"excerpt":{"rendered":"<p>La cantante chilena Mon Laferte mostr\u00f3 su torso desnudo en la alfombra roja de los premios Grammy Latinos para protestar contra la violencia que vive su pa\u00eds. Las Vegas, 15 Noviembre 2019, (Prensa Latina).- La cantante chilena Mon Laferte mostr\u00f3 su torso desnudo en la alfombra roja de los premios Grammy Latinos para protestar contra [&hellip;]<\/p>\n","protected":false},"author":1,"featured_media":60285,"comment_status":"open","ping_status":"open","sticky":false,"template":"","format":"standard","meta":{"rop_custom_images_group":[],"rop_custom_messages_group":[],"rop_publish_now":"initial","rop_publish_now_accounts":[],"rop_publish_now_history":[],"rop_publish_now_status":"pending","footnotes":""},"categories":[69],"tags":[4880,4598],"class_list":["post-60284","post","type-post","status-publish","format-standard","has-post-thumbnail","hentry","category-musica","tag-grammy-latino-2019","tag-mon-laferte"],"_links":{"self":[{"href":"https:\/\/elinformanteperu.com\/index.php\/wp-json\/wp\/v2\/posts\/60284","targetHints":{"allow":["GET"]}}],"collection":[{"href":"https:\/\/elinformanteperu.com\/index.php\/wp-json\/wp\/v2\/posts"}],"about":[{"href":"https:\/\/elinformanteperu.com\/index.php\/wp-json\/wp\/v2\/types\/post"}],"author":[{"embeddable":true,"href":"https:\/\/elinformanteperu.com\/index.php\/wp-json\/wp\/v2\/users\/1"}],"replies":[{"embeddable":true,"href":"https:\/\/elinformanteperu.com\/index.php\/wp-json\/wp\/v2\/comments?post=60284"}],"version-history":[{"count":1,"href":"https:\/\/elinformanteperu.com\/index.php\/wp-json\/wp\/v2\/posts\/60284\/revisions"}],"predecessor-version":[{"id":60286,"href":"https:\/\/elinformanteperu.com\/index.php\/wp-json\/wp\/v2\/posts\/60284\/revisions\/60286"}],"wp:featuredmedia":[{"embeddable":true,"href":"https:\/\/elinformanteperu.com\/index.php\/wp-json\/wp\/v2\/media\/60285"}],"wp:attachment":[{"href":"https:\/\/elinformanteperu.com\/index.php\/wp-json\/wp\/v2\/media?parent=60284"}],"wp:term":[{"taxonomy":"category","embeddable":true,"href":"https:\/\/elinformanteperu.com\/index.php\/wp-json\/wp\/v2\/categories?post=60284"},{"taxonomy":"post_tag","embeddable":true,"href":"https:\/\/elinformanteperu.com\/index.php\/wp-json\/wp\/v2\/tags?post=60284"}],"curies":[{"name":"wp","href":"https:\/\/api.w.org\/{rel}","templated":true}]}}