{"id":60281,"date":"2019-11-15T20:18:19","date_gmt":"2019-11-16T01:18:19","guid":{"rendered":"http:\/\/elinformanteperu.com\/?p=60281"},"modified":"2019-11-15T20:18:19","modified_gmt":"2019-11-16T01:18:19","slug":"espanola-rosalia-se-impone-a-lo-grande-en-los-grammy-latinos","status":"publish","type":"post","link":"https:\/\/elinformanteperu.com\/index.php\/2019\/11\/15\/espanola-rosalia-se-impone-a-lo-grande-en-los-grammy-latinos\/","title":{"rendered":"Espa\u00f1ola Rosal\u00eda se impone a lo grande en los Grammy Latinos"},"content":{"rendered":"<p><span style=\"color: #000000;\"><strong>La cantante y compositora Rosal\u00eda fue la gran ganadora de los premios Grammy Latinos, al llevarse cinco lauros, entre ellos el galard\u00f3n al \u00c1lbum del a\u00f1o por El mal querer.<\/strong><\/span><\/p>\n<p><span style=\"color: #000000;\"><strong>Las Vegas, Estados Unidos, 15 Noviembre 2019, (Prensa Latina).-<\/strong> La cantante y compositora Rosal\u00eda fue la gran ganadora de los premios Grammy Latinos, al llevarse cinco lauros, entre ellos el galard\u00f3n al \u00c1lbum del a\u00f1o por El mal querer.<\/span><\/p>\n<p><span style=\"color: #000000;\">Esto es lo \u00faltimo que me esperaba, expres\u00f3 la int\u00e9rprete visiblemente emocionada al recibir el reconocimiento en el escenario del MGM Grand Garden Arena de la ciudad estadounidense de Las Vegas de manos del puertorrique\u00f1o Ricky Martin, uno de los presentadores anoche de la ceremonia de entrega de los gram\u00f3fonos.<\/span><\/p>\n<p><span style=\"color: #000000;\">La artista ib\u00e9rica, quien agradeci\u00f3 a los seguidores de su m\u00fasica y les dijo que trabaja muy duro para estar a la altura de su cari\u00f1o, se llev\u00f3 tambi\u00e9n el Grammy Latino al Mejor \u00e1lbum vocal pop contempor\u00e1neo, Mejor canci\u00f3n urbana, Mejor ingenier\u00eda de grabaci\u00f3n y Mejor dise\u00f1o de empaque.<\/span><\/p>\n<p><span style=\"color: #000000;\">Tambi\u00e9n tuvo una buena jornada su compatriota Alejandro Sanz, quien mereci\u00f3 el lauro de Grabaci\u00f3n del a\u00f1o por su tema Mi persona favorita, una colaboraci\u00f3n con la cubano-estadounidense Camila Cabello, que adem\u00e1s le vali\u00f3 el galard\u00f3n de Mejor canci\u00f3n pop.<\/span><\/p>\n<p><span style=\"color: #000000;\">Sanz se llev\u00f3 un tercer gram\u00f3fono por el Mejor video musical versi\u00f3n larga, que correspondi\u00f3 a su obra Lo que fui es lo que soy.<\/span><\/p>\n<p><span style=\"color: #000000;\">A su vez, el puertorrique\u00f1o Residente ampli\u00f3 su marca como el artista m\u00e1s condecorado en la historia de los Grammy Latinos al recibir el lauro al Mejor video musical en formato corto por su canci\u00f3n Banana Papaya, con lo cual suma 25 gram\u00f3fonos en su carrera.<\/span><\/p>\n<p><span style=\"color: #000000;\">En otros resultados destacados de la jornada, Calma, un tema interpretado por el puertorrique\u00f1o Pedro Cap\u00f3, recibi\u00f3 el Grammy a Canci\u00f3n del a\u00f1o y Mejor fusi\u00f3n\/interpretaci\u00f3n urbana, en tanto la venezolana Nella fue galardonada como Mejor nueva artista.<\/span><\/p>\n<p><span style=\"color: #000000;\">Como Mejor \u00e1lbum de m\u00fasica urbana fue reconocido X 100Pre, del puertorrique\u00f1o Bad Bunny, quien ante las protestas de algunos colegas que se consideraron discriminados por quedar fuera de las nominaciones, manifest\u00f3 al recoger su premio que el reggaeton es parte de la cultura latina y representa a la regi\u00f3n del mismo modo que otros g\u00e9neros.<\/span><\/p>\n<p><span style=\"color: #000000;\">El Mejor \u00e1lbum de rock, en tanto, fue Monte Sagrado, del puertorrique\u00f1o Draco Rosa; el de pop\/rock: Cargar la suerte, del argentino Andr\u00e9s Calamaro; el contempor\u00e1neo\/fusi\u00f3n tropical: Literal, del dominicano Juan Luis Guerra; el de salsa: M\u00e1s de m\u00ed, del peruano-estadounidense Tony Succar; y el de jazz latino\/jazz: Jazz Bat\u00e1 2, del cubano Chucho Vald\u00e9s.<\/span><\/p>\n<p><span style=\"color: #000000;\">Durante la velada destac\u00f3 la actuaci\u00f3n del colombiano Juanes, quien cant\u00f3 algunos de sus \u00e9xitos tras ser homenajeado un d\u00eda antes como la Persona del A\u00f1o por la Academia Latina de las Artes y la Grabaci\u00f3n.<\/span><\/p>\n<p><span style=\"color: #000000;\">Adem\u00e1s, hubo tributos a \u00edconos de la m\u00fasica latina como el mexicano Jos\u00e9 Jos\u00e9 y el espa\u00f1ol Camilo Sesto, ambos fallecidos en septiembre.<\/span><\/p>\n<p><iframe title=\"ROSAL\u00cdA - MALAMENTE  (Cap.1: Augurio)\" width=\"615\" height=\"346\" src=\"https:\/\/www.youtube.com\/embed\/Rht7rBHuXW8?feature=oembed\" frameborder=\"0\" allow=\"accelerometer; autoplay; clipboard-write; encrypted-media; gyroscope; picture-in-picture; web-share\" referrerpolicy=\"strict-origin-when-cross-origin\" allowfullscreen><\/iframe><\/p>\n","protected":false},"excerpt":{"rendered":"<p>La cantante y compositora Rosal\u00eda fue la gran ganadora de los premios Grammy Latinos, al llevarse cinco lauros, entre ellos el galard\u00f3n al \u00c1lbum del a\u00f1o por El mal querer. Las Vegas, Estados Unidos, 15 Noviembre 2019, (Prensa Latina).- La cantante y compositora Rosal\u00eda fue la gran ganadora de los premios Grammy Latinos, al llevarse [&hellip;]<\/p>\n","protected":false},"author":1,"featured_media":60282,"comment_status":"open","ping_status":"open","sticky":false,"template":"","format":"standard","meta":{"rop_custom_images_group":[],"rop_custom_messages_group":[],"rop_publish_now":"initial","rop_publish_now_accounts":[],"rop_publish_now_history":[],"rop_publish_now_status":"pending","footnotes":""},"categories":[69],"tags":[4880,4012],"class_list":["post-60281","post","type-post","status-publish","format-standard","has-post-thumbnail","hentry","category-musica","tag-grammy-latino-2019","tag-rosalia"],"_links":{"self":[{"href":"https:\/\/elinformanteperu.com\/index.php\/wp-json\/wp\/v2\/posts\/60281","targetHints":{"allow":["GET"]}}],"collection":[{"href":"https:\/\/elinformanteperu.com\/index.php\/wp-json\/wp\/v2\/posts"}],"about":[{"href":"https:\/\/elinformanteperu.com\/index.php\/wp-json\/wp\/v2\/types\/post"}],"author":[{"embeddable":true,"href":"https:\/\/elinformanteperu.com\/index.php\/wp-json\/wp\/v2\/users\/1"}],"replies":[{"embeddable":true,"href":"https:\/\/elinformanteperu.com\/index.php\/wp-json\/wp\/v2\/comments?post=60281"}],"version-history":[{"count":1,"href":"https:\/\/elinformanteperu.com\/index.php\/wp-json\/wp\/v2\/posts\/60281\/revisions"}],"predecessor-version":[{"id":60283,"href":"https:\/\/elinformanteperu.com\/index.php\/wp-json\/wp\/v2\/posts\/60281\/revisions\/60283"}],"wp:featuredmedia":[{"embeddable":true,"href":"https:\/\/elinformanteperu.com\/index.php\/wp-json\/wp\/v2\/media\/60282"}],"wp:attachment":[{"href":"https:\/\/elinformanteperu.com\/index.php\/wp-json\/wp\/v2\/media?parent=60281"}],"wp:term":[{"taxonomy":"category","embeddable":true,"href":"https:\/\/elinformanteperu.com\/index.php\/wp-json\/wp\/v2\/categories?post=60281"},{"taxonomy":"post_tag","embeddable":true,"href":"https:\/\/elinformanteperu.com\/index.php\/wp-json\/wp\/v2\/tags?post=60281"}],"curies":[{"name":"wp","href":"https:\/\/api.w.org\/{rel}","templated":true}]}}