{"id":60274,"date":"2019-11-14T21:20:29","date_gmt":"2019-11-15T02:20:29","guid":{"rendered":"http:\/\/elinformanteperu.com\/?p=60274"},"modified":"2019-11-14T21:20:29","modified_gmt":"2019-11-15T02:20:29","slug":"sergio-pena-teniamos-muchas-ganas-de-jugar-contra-chile","status":"publish","type":"post","link":"https:\/\/elinformanteperu.com\/index.php\/2019\/11\/14\/sergio-pena-teniamos-muchas-ganas-de-jugar-contra-chile\/","title":{"rendered":"Sergio Pe\u00f1a: \u00abTen\u00edamos muchas ganas de jugar contra Chile\u00bb"},"content":{"rendered":"<p><strong><span style=\"color: #000000;\">\u00abTen\u00edamos muchas ganas de enfrentar a Chile, pero si decidieron no jugar es un tema de ellos\u00bb, afirm\u00f3 el volante peruano Sergio Pe\u00f1a.<\/span><\/strong><\/p>\n<p><span style=\"color: #000000;\"><strong>Miami, 14 Noviembre 2019, (ANDINA).-<\/strong> \u00abTen\u00edamos muchas ganas de enfrentar a Chile, pero si decidieron no jugar es un tema de ellos\u00bb, afirm\u00f3 el volante peruano Sergio Pe\u00f1a, tras la cancelaci\u00f3n del partido entre Per\u00fa y el conjunto mapochino, debido a la crisis que vive el pa\u00eds vecino y que est\u00e1 cerca de alcanzar un mes.<\/span><\/p>\n<p><span style=\"color: #000000;\">\u00abNosotros nos vamos a seguir preparando porque uno nunca sabe\u00bb, se\u00f1al\u00f3 Pe\u00f1a, de 24 a\u00f1os, al diario Depor.<\/span><\/p>\n<p><span style=\"color: #000000;\">Para el mediocampista del FC Emmen de la primera divisi\u00f3n de Holanda el compromiso debe de seguir siendo el mismo en la interna del seleccionado incaico.<\/span><\/p>\n<p><span style=\"color: #000000;\">\u00abEl partido est\u00e1 pactado. Nosotros no sabemos si van a viajar o no pero tenemos que seguir trabajando de la misma manera\u00bb, apunt\u00f3.<\/span><\/p>\n<p><span style=\"color: #000000;\">Los jugadores de la selecci\u00f3n chilena de f\u00fatbol decidieron el d\u00eda de ayer no disputar el partido amistoso ante Per\u00fa, previsto para el pr\u00f3ximo martes 19 de noviembre en el Estadio Nacional de Lima.<\/span><\/p>\n<p><span style=\"color: #000000;\">Ante este panorama la Federaci\u00f3n Peruana de F\u00fatbol (FPF) viene gestionando en estricto privado un partido amistoso para jugar en la fecha FIFA del 19 de noviembre tras la cancelaci\u00f3n del amistoso ante la Selecci\u00f3n de Chile.<\/span><\/p>\n<p><img fetchpriority=\"high\" decoding=\"async\" class=\"aligncenter size-full wp-image-60034\" src=\"http:\/\/elinformanteperu.com\/wp-content\/uploads\/2019\/11\/guerrero-peru-chile.jpg\" alt=\"\" width=\"1800\" height=\"1198\" srcset=\"https:\/\/elinformanteperu.com\/wp-content\/uploads\/2019\/11\/guerrero-peru-chile.jpg 1800w, https:\/\/elinformanteperu.com\/wp-content\/uploads\/2019\/11\/guerrero-peru-chile-300x200.jpg 300w, https:\/\/elinformanteperu.com\/wp-content\/uploads\/2019\/11\/guerrero-peru-chile-768x511.jpg 768w, https:\/\/elinformanteperu.com\/wp-content\/uploads\/2019\/11\/guerrero-peru-chile-1024x682.jpg 1024w, https:\/\/elinformanteperu.com\/wp-content\/uploads\/2019\/11\/guerrero-peru-chile-128x85.jpg 128w, https:\/\/elinformanteperu.com\/wp-content\/uploads\/2019\/11\/guerrero-peru-chile-32x21.jpg 32w\" sizes=\"(max-width: 1800px) 100vw, 1800px\" \/><\/p>\n","protected":false},"excerpt":{"rendered":"<p>\u00abTen\u00edamos muchas ganas de enfrentar a Chile, pero si decidieron no jugar es un tema de ellos\u00bb, afirm\u00f3 el volante peruano Sergio Pe\u00f1a. Miami, 14 Noviembre 2019, (ANDINA).- \u00abTen\u00edamos muchas ganas de enfrentar a Chile, pero si decidieron no jugar es un tema de ellos\u00bb, afirm\u00f3 el volante peruano Sergio Pe\u00f1a, tras la cancelaci\u00f3n del [&hellip;]<\/p>\n","protected":false},"author":1,"featured_media":60275,"comment_status":"open","ping_status":"open","sticky":false,"template":"","format":"standard","meta":{"rop_custom_images_group":[],"rop_custom_messages_group":[],"rop_publish_now":"initial","rop_publish_now_accounts":[],"rop_publish_now_history":[],"rop_publish_now_status":"pending","footnotes":""},"categories":[8],"tags":[83,4915,137,2394],"class_list":["post-60274","post","type-post","status-publish","format-standard","has-post-thumbnail","hentry","category-disciplinas-deportivas","tag-colombia","tag-fecha-fifa","tag-seleccion-peruana","tag-sergio-pena"],"_links":{"self":[{"href":"https:\/\/elinformanteperu.com\/index.php\/wp-json\/wp\/v2\/posts\/60274","targetHints":{"allow":["GET"]}}],"collection":[{"href":"https:\/\/elinformanteperu.com\/index.php\/wp-json\/wp\/v2\/posts"}],"about":[{"href":"https:\/\/elinformanteperu.com\/index.php\/wp-json\/wp\/v2\/types\/post"}],"author":[{"embeddable":true,"href":"https:\/\/elinformanteperu.com\/index.php\/wp-json\/wp\/v2\/users\/1"}],"replies":[{"embeddable":true,"href":"https:\/\/elinformanteperu.com\/index.php\/wp-json\/wp\/v2\/comments?post=60274"}],"version-history":[{"count":1,"href":"https:\/\/elinformanteperu.com\/index.php\/wp-json\/wp\/v2\/posts\/60274\/revisions"}],"predecessor-version":[{"id":60276,"href":"https:\/\/elinformanteperu.com\/index.php\/wp-json\/wp\/v2\/posts\/60274\/revisions\/60276"}],"wp:featuredmedia":[{"embeddable":true,"href":"https:\/\/elinformanteperu.com\/index.php\/wp-json\/wp\/v2\/media\/60275"}],"wp:attachment":[{"href":"https:\/\/elinformanteperu.com\/index.php\/wp-json\/wp\/v2\/media?parent=60274"}],"wp:term":[{"taxonomy":"category","embeddable":true,"href":"https:\/\/elinformanteperu.com\/index.php\/wp-json\/wp\/v2\/categories?post=60274"},{"taxonomy":"post_tag","embeddable":true,"href":"https:\/\/elinformanteperu.com\/index.php\/wp-json\/wp\/v2\/tags?post=60274"}],"curies":[{"name":"wp","href":"https:\/\/api.w.org\/{rel}","templated":true}]}}