{"id":59891,"date":"2019-11-06T20:10:02","date_gmt":"2019-11-07T01:10:02","guid":{"rendered":"http:\/\/elinformanteperu.com\/?p=59891"},"modified":"2019-11-06T20:10:02","modified_gmt":"2019-11-07T01:10:02","slug":"cineasta-martin-scorsese-sostiene-criticas-a-franquicia-marvel","status":"publish","type":"post","link":"https:\/\/elinformanteperu.com\/index.php\/2019\/11\/06\/cineasta-martin-scorsese-sostiene-criticas-a-franquicia-marvel\/","title":{"rendered":"Cineasta Martin Scorsese sostiene cr\u00edticas a franquicia Marvel"},"content":{"rendered":"<p><strong><span style=\"color: #000000;\">Las cr\u00edticas de Martin Scorsese repercuten tras defender su posici\u00f3n ante las producciones cinematogr\u00e1ficas del conocido universo Marvel, a las que consider\u00f3 da\u00f1inas.<\/span><\/strong><\/p>\n<p><span style=\"color: #000000;\"><strong>Los \u00c1ngeles, 06 Noviembre 2019, (Prensa Latina).-<\/strong> Las cr\u00edticas del cineasta estadounidense Martin Scorsese repercuten tras defender su posici\u00f3n ante las producciones cinematogr\u00e1ficas del conocido universo Marvel, que consider\u00f3 da\u00f1inas para el s\u00e9ptimo arte.<\/span><\/p>\n<p><span style=\"color: #000000;\">El director de Taxi Driver redobl\u00f3 su ataque a la franquicia Marvel y sus creaciones basadas en superh\u00e9roes y parques tem\u00e1ticos que, a su juicio, carecen del peligro o emoci\u00f3n real y evidencian la dividida situaci\u00f3n del circuito de Hollywood donde &#8216;hay entretenimiento audiovisual mundial y hay cine&#8217;, sentenci\u00f3.<\/span><\/p>\n<p><span style=\"color: #000000;\">Asimismo, critic\u00f3 la esencia de los largometrajes de Marvel que centran su alcance a partir de sondeos de mercado, estudios de audiencia y an\u00e1lisis del consumo para obtener cifras de recaudaci\u00f3n millonarias; en tanto, afirm\u00f3 &#8216;todo en ellas est\u00e1 oficialmente sancionado porque realmente no puede ser de otra manera&#8217;.<\/span><\/p>\n<p><span style=\"color: #000000;\">La creciente pol\u00e9mica gener\u00f3 m\u00faltiples reacciones entre grandes directores de Hollywood como Francis Ford Coppola, Joss Whedon y James Gunn, quienes defendieron p\u00fablicamente el valor art\u00edstico y el significado de las pel\u00edculas de superh\u00e9roes, que experimentan un auge creciente.<\/span><\/p>\n<p><span style=\"color: #000000;\">Scorsese firm\u00f3 un art\u00edculo de opini\u00f3n en el reconocido diario estadounidense New York Times para argumentar su postura en torno a la industria del entretenimiento, la cual presentar\u00e1 fuertes candidatos en la competencia por los 92 Premios Oscar, entre ellos, la controversial cinta El J\u00f3ker, Vengadores Endgame y la cuarta entrega de Toy Story.<\/span><\/p>\n<p><span style=\"color: #000000;\">Por su parte, el director de El Irland\u00e9s encabeza la lista de favoritos con la cinta que re\u00fane a un prestigioso elenco, donde figura Robert De Niro, Al Pacino y Joe Pesci para contar la historia real de Frank Sheeran, un violento g\u00e1nster sospechoso de m\u00e1s de 20 asesinatos.<\/span><\/p>\n<p><span style=\"color: #000000;\">Considerado uno de los directores m\u00e1s prestigiosos en la historia del cine, el director de 76 a\u00f1os inici\u00f3 la controversia tras sus declaraciones en una entrevista a la publicaci\u00f3n Empire, a principios de octubre, que ha sacudido el panorama cinematogr\u00e1fico a tan solo 100 d\u00edas para la entrega de los Premios de la Academia.<\/span><\/p>\n<p><iframe title=\"El Irland\u00e9s | Tr\u00e1iler oficial | Netflix\" width=\"615\" height=\"346\" src=\"https:\/\/www.youtube.com\/embed\/B3cJXk9IaH0?feature=oembed\" frameborder=\"0\" allow=\"accelerometer; autoplay; clipboard-write; encrypted-media; gyroscope; picture-in-picture; web-share\" referrerpolicy=\"strict-origin-when-cross-origin\" allowfullscreen><\/iframe><\/p>\n","protected":false},"excerpt":{"rendered":"<p>Las cr\u00edticas de Martin Scorsese repercuten tras defender su posici\u00f3n ante las producciones cinematogr\u00e1ficas del conocido universo Marvel, a las que consider\u00f3 da\u00f1inas. Los \u00c1ngeles, 06 Noviembre 2019, (Prensa Latina).- Las cr\u00edticas del cineasta estadounidense Martin Scorsese repercuten tras defender su posici\u00f3n ante las producciones cinematogr\u00e1ficas del conocido universo Marvel, que consider\u00f3 da\u00f1inas para el [&hellip;]<\/p>\n","protected":false},"author":1,"featured_media":59892,"comment_status":"open","ping_status":"open","sticky":false,"template":"","format":"standard","meta":{"rop_custom_images_group":[],"rop_custom_messages_group":[],"rop_publish_now":"initial","rop_publish_now_accounts":[],"rop_publish_now_history":[],"rop_publish_now_status":"pending","footnotes":""},"categories":[7],"tags":[739,242],"class_list":["post-59891","post","type-post","status-publish","format-standard","has-post-thumbnail","hentry","category-butaca","tag-martin-scorsese","tag-marvel"],"_links":{"self":[{"href":"https:\/\/elinformanteperu.com\/index.php\/wp-json\/wp\/v2\/posts\/59891","targetHints":{"allow":["GET"]}}],"collection":[{"href":"https:\/\/elinformanteperu.com\/index.php\/wp-json\/wp\/v2\/posts"}],"about":[{"href":"https:\/\/elinformanteperu.com\/index.php\/wp-json\/wp\/v2\/types\/post"}],"author":[{"embeddable":true,"href":"https:\/\/elinformanteperu.com\/index.php\/wp-json\/wp\/v2\/users\/1"}],"replies":[{"embeddable":true,"href":"https:\/\/elinformanteperu.com\/index.php\/wp-json\/wp\/v2\/comments?post=59891"}],"version-history":[{"count":1,"href":"https:\/\/elinformanteperu.com\/index.php\/wp-json\/wp\/v2\/posts\/59891\/revisions"}],"predecessor-version":[{"id":59893,"href":"https:\/\/elinformanteperu.com\/index.php\/wp-json\/wp\/v2\/posts\/59891\/revisions\/59893"}],"wp:featuredmedia":[{"embeddable":true,"href":"https:\/\/elinformanteperu.com\/index.php\/wp-json\/wp\/v2\/media\/59892"}],"wp:attachment":[{"href":"https:\/\/elinformanteperu.com\/index.php\/wp-json\/wp\/v2\/media?parent=59891"}],"wp:term":[{"taxonomy":"category","embeddable":true,"href":"https:\/\/elinformanteperu.com\/index.php\/wp-json\/wp\/v2\/categories?post=59891"},{"taxonomy":"post_tag","embeddable":true,"href":"https:\/\/elinformanteperu.com\/index.php\/wp-json\/wp\/v2\/tags?post=59891"}],"curies":[{"name":"wp","href":"https:\/\/api.w.org\/{rel}","templated":true}]}}