{"id":59885,"date":"2019-11-05T23:29:34","date_gmt":"2019-11-06T04:29:34","guid":{"rendered":"http:\/\/elinformanteperu.com\/?p=59885"},"modified":"2019-11-05T23:29:44","modified_gmt":"2019-11-06T04:29:44","slug":"presidente-vizcarra-agradece-a-conmebol-por-otorgar-sede-de-la-final-de-copa-libertadores","status":"publish","type":"post","link":"https:\/\/elinformanteperu.com\/index.php\/2019\/11\/05\/presidente-vizcarra-agradece-a-conmebol-por-otorgar-sede-de-la-final-de-copa-libertadores\/","title":{"rendered":"Presidente Vizcarra agradece a Conmebol por otorgar sede de la final de Copa Libertadores"},"content":{"rendered":"<p><strong><span style=\"color: #000000;\">El presidente, Mart\u00edn Vizcarrra, agradeci\u00f3 al titular de la Confederaci\u00f3n Sudamericana de F\u00fatbol por confiar en el pa\u00eds como sede de la final de la Copa Libertadores 2019.<\/span><\/strong><\/p>\n<p><span style=\"color: #000000;\"><strong>Lima, 05 Noviembre 2019, (ANDINA).-<\/strong> El presidente de la Rep\u00fablica, Mart\u00edn Vizcarrra, agradeci\u00f3 al titular de la Confederaci\u00f3n Sudamericana de F\u00fatbol (Conmebol), Alejandro Dom\u00ednguez, por confiar en el pa\u00eds como sede de la final de la Copa Libertadores 2019.<\/span><\/p>\n<p><span style=\"color: #000000;\">\u00abNuevamente el Per\u00fa en el centro del deporte del continente\u00bb, expres\u00f3 el jefe del Estado en su cuenta de Twitter.<\/span><\/p>\n<p><span style=\"color: #000000;\">La Conmebol decidi\u00f3, en reuni\u00f3n de emergencia, designar al estadio Monumental de Ate como nueva sede de la final de la Copa Libertadores que jugar\u00e1n River Plate y Flamengo, el s\u00e1bado 23 de noviembre, y que en un principio estaba pactado para jugarlo en el Estadio Nacional de Santiago.<\/span><\/p>\n<p><span style=\"color: #000000;\">La Conmebol, a trav\u00e9s de sus redes sociales, dio a conocer la informaci\u00f3n luego de la reuni\u00f3n de emergencia sostendida hoy, en la ciudad de Asunci\u00f3n, entre los dirigentes del Flamengo y River Plate, adem\u00e1s de los representantes de la federaciones de Argentina y Brasil.<\/span><\/p>\n<p><img fetchpriority=\"high\" decoding=\"async\" class=\"aligncenter size-full wp-image-59887\" src=\"http:\/\/elinformanteperu.com\/wp-content\/uploads\/2019\/11\/vizcarra-conmebol-twett.jpg\" alt=\"\" width=\"523\" height=\"250\" srcset=\"https:\/\/elinformanteperu.com\/wp-content\/uploads\/2019\/11\/vizcarra-conmebol-twett.jpg 523w, https:\/\/elinformanteperu.com\/wp-content\/uploads\/2019\/11\/vizcarra-conmebol-twett-300x143.jpg 300w, https:\/\/elinformanteperu.com\/wp-content\/uploads\/2019\/11\/vizcarra-conmebol-twett-128x61.jpg 128w, https:\/\/elinformanteperu.com\/wp-content\/uploads\/2019\/11\/vizcarra-conmebol-twett-32x15.jpg 32w\" sizes=\"(max-width: 523px) 100vw, 523px\" \/><\/p>\n","protected":false},"excerpt":{"rendered":"<p>El presidente, Mart\u00edn Vizcarrra, agradeci\u00f3 al titular de la Confederaci\u00f3n Sudamericana de F\u00fatbol por confiar en el pa\u00eds como sede de la final de la Copa Libertadores 2019. Lima, 05 Noviembre 2019, (ANDINA).- El presidente de la Rep\u00fablica, Mart\u00edn Vizcarrra, agradeci\u00f3 al titular de la Confederaci\u00f3n Sudamericana de F\u00fatbol (Conmebol), Alejandro Dom\u00ednguez, por confiar en [&hellip;]<\/p>\n","protected":false},"author":1,"featured_media":59886,"comment_status":"open","ping_status":"open","sticky":false,"template":"","format":"standard","meta":{"rop_custom_images_group":[],"rop_custom_messages_group":[],"rop_publish_now":"initial","rop_publish_now_accounts":[],"rop_publish_now_history":[],"rop_publish_now_status":"pending","footnotes":""},"categories":[5,8],"tags":[2694,3922,289],"class_list":["post-59885","post","type-post","status-publish","format-standard","has-post-thumbnail","hentry","category-actualidad-informativa","category-disciplinas-deportivas","tag-conmebol","tag-copa-libertadores-2019","tag-martin-vizcarra"],"_links":{"self":[{"href":"https:\/\/elinformanteperu.com\/index.php\/wp-json\/wp\/v2\/posts\/59885","targetHints":{"allow":["GET"]}}],"collection":[{"href":"https:\/\/elinformanteperu.com\/index.php\/wp-json\/wp\/v2\/posts"}],"about":[{"href":"https:\/\/elinformanteperu.com\/index.php\/wp-json\/wp\/v2\/types\/post"}],"author":[{"embeddable":true,"href":"https:\/\/elinformanteperu.com\/index.php\/wp-json\/wp\/v2\/users\/1"}],"replies":[{"embeddable":true,"href":"https:\/\/elinformanteperu.com\/index.php\/wp-json\/wp\/v2\/comments?post=59885"}],"version-history":[{"count":1,"href":"https:\/\/elinformanteperu.com\/index.php\/wp-json\/wp\/v2\/posts\/59885\/revisions"}],"predecessor-version":[{"id":59888,"href":"https:\/\/elinformanteperu.com\/index.php\/wp-json\/wp\/v2\/posts\/59885\/revisions\/59888"}],"wp:featuredmedia":[{"embeddable":true,"href":"https:\/\/elinformanteperu.com\/index.php\/wp-json\/wp\/v2\/media\/59886"}],"wp:attachment":[{"href":"https:\/\/elinformanteperu.com\/index.php\/wp-json\/wp\/v2\/media?parent=59885"}],"wp:term":[{"taxonomy":"category","embeddable":true,"href":"https:\/\/elinformanteperu.com\/index.php\/wp-json\/wp\/v2\/categories?post=59885"},{"taxonomy":"post_tag","embeddable":true,"href":"https:\/\/elinformanteperu.com\/index.php\/wp-json\/wp\/v2\/tags?post=59885"}],"curies":[{"name":"wp","href":"https:\/\/api.w.org\/{rel}","templated":true}]}}