{"id":59871,"date":"2019-11-05T23:04:32","date_gmt":"2019-11-06T04:04:32","guid":{"rendered":"http:\/\/elinformanteperu.com\/?p=59871"},"modified":"2019-11-05T23:04:32","modified_gmt":"2019-11-06T04:04:32","slug":"se-sancionaran-a-medicos-que-no-receten-medicamentos-genericos","status":"publish","type":"post","link":"https:\/\/elinformanteperu.com\/index.php\/2019\/11\/05\/se-sancionaran-a-medicos-que-no-receten-medicamentos-genericos\/","title":{"rendered":"Se sancionar\u00e1n a m\u00e9dicos que no receten medicamentos gen\u00e9ricos"},"content":{"rendered":"<p><strong><span style=\"color: #000000;\">Los m\u00e9dicos que no consignen medicamentos gen\u00e9ricos en la receta que entregan a sus pacientes ser\u00e1n sancionados seg\u00fan Decreto de Urgencia.<\/span><\/strong><\/p>\n<p><span style=\"color: #000000;\"><strong>Lima, 05 Noviembre 2019, (ANDINA).-<\/strong> Los m\u00e9dicos que no consignen medicamentos gen\u00e9ricos en la receta que entregan a sus pacientes ser\u00e1n sancionados una vez que entre en vigencia el reglamento Decreto de Urgencia 007-2019 aprobado por el gobierno.<\/span><\/p>\n<p><span style=\"color: #000000;\">Seg\u00fan adelant\u00f3 Gustavo Rosell, Viceministro de Salud P\u00fablica, los m\u00e9dicos que incumplan con recetar medicamentos gen\u00e9ricos a sus pacientes ser\u00e1n pasibles de denuncia y podr\u00e1n ser sancionados con una amonestaci\u00f3n, y si es reincidente, con una multa de 2 UIT (8,400 soles).<\/span><\/p>\n<p><span style=\"color: #000000;\">Los pacientes que sean v\u00edctimas de esta situaci\u00f3n en hospitales o cl\u00ednicas, explic\u00f3, podr\u00e1n denunciarlo a la Superintendencia Nacional de Salud (Susalud) llamando al tel\u00e9fono 113.<\/span><\/p>\n<p><span style=\"color: #000000;\">En un taller dirigido a periodistas, se\u00f1al\u00f3 que en los establecimientos del Minsa se exige a los m\u00e9dicos recetar medicamentos gen\u00e9ricos y se sanciona administrativamente a los que incumplen esta disposici\u00f3n.<\/span><\/p>\n<p><span style=\"color: #000000;\">Cabe indicar que el Decreto de Urgencia dispone que un mes se publique una lista de medicamentos gen\u00e9ricos esenciales que toda farmacia y botica p\u00fablica o privada deber\u00e1 vender; de lo contrario, ser\u00e1 sancionada.<\/span><\/p>\n<p><strong><span style=\"color: #000000;\">Empoderar a los pacientes<\/span><\/strong><\/p>\n<p><span style=\"color: #000000;\">La directora de la Digemid, Susana V\u00e1zquez, quien tambi\u00e9n particip\u00f3 de la reuni\u00f3n, hizo un llamado a empoderar a los pacientes para que denuncien a las boticas o farmacias que no vendan medicamentos gen\u00e9ricos una vez que sea obligatorio.<\/span><\/p>\n<p><span style=\"color: #000000;\">Ante estas situaciones, recomend\u00f3 a los usuarios exigir el Libro de Reclamaciones de las farmacias y boticas en esta situaci\u00f3n, para dejar constancia de su reclamo, o comunicarse con Digemid, encargada de la fiscalizaci\u00f3n de estos establecimientos.<\/span><\/p>\n<p><span style=\"color: #000000;\">Igualmente, neg\u00f3 que se pretenda sancionar en igual magnitud a una botica o farmacia de barrio que a una cadena de farmacias, con mayor poder econ\u00f3mico.<\/span><\/p>\n<p><span style=\"color: #000000;\">Al respecto, detall\u00f3 que el reglamento del Decreto de Urgencia que debe aprobarse antes de diciembre determinar\u00e1 una gradualidad de la sanci\u00f3n, de acuerdo con diversos factores, entre ellos el nivel de exigencia, de acuerdo a determinados factores.<\/span><\/p>\n<p><span style=\"color: #000000;\">Sin embargo, remarc\u00f3 que la intenci\u00f3n del gobierno no es imponer multas o sanciones y por ello habr\u00e1 una marcha blanca de tres meses, en la que se har\u00e1 una fiscalizaci\u00f3n orientativa a las boticas y farmacias, para sintonizarlas con el objetivo del gobierno, de que todos los peruanos tengan acceso a medicamentos gen\u00e9ricos.<\/span><\/p>\n<p><span style=\"color: #000000;\">En el mercado farmac\u00e9utico peruano, las ventas del mercado retail (farmacias y boticas privadas) represent\u00f3 en el 2018 el 57% de las ventas generales, el sector p\u00fablico el 30% y los servicios de farmacias de cl\u00ednicas privadas el 8%.<\/span><\/p>\n<p><span style=\"color: #000000;\">El gobierno considera que la mejora en la oferta de medicamentos esenciales gen\u00e9ricos repercutir\u00e1 significativamente en la reducci\u00f3n del gasto del bolsillo de las familias, que es la principal fuente de financiamiento de la salud, principalmente en medicamentos (entre el 43% y 47 del gasto total).<\/span><\/p>\n","protected":false},"excerpt":{"rendered":"<p>Los m\u00e9dicos que no consignen medicamentos gen\u00e9ricos en la receta que entregan a sus pacientes ser\u00e1n sancionados seg\u00fan Decreto de Urgencia. Lima, 05 Noviembre 2019, (ANDINA).- Los m\u00e9dicos que no consignen medicamentos gen\u00e9ricos en la receta que entregan a sus pacientes ser\u00e1n sancionados una vez que entre en vigencia el reglamento Decreto de Urgencia 007-2019 [&hellip;]<\/p>\n","protected":false},"author":1,"featured_media":59872,"comment_status":"open","ping_status":"open","sticky":false,"template":"","format":"standard","meta":{"rop_custom_images_group":[],"rop_custom_messages_group":[],"rop_publish_now":"initial","rop_publish_now_accounts":[],"rop_publish_now_history":[],"rop_publish_now_status":"pending","footnotes":""},"categories":[10],"tags":[1036,431,1758],"class_list":["post-59871","post","type-post","status-publish","format-standard","has-post-thumbnail","hentry","category-actualidad-municipal","tag-digemid","tag-minsa","tag-sis"],"_links":{"self":[{"href":"https:\/\/elinformanteperu.com\/index.php\/wp-json\/wp\/v2\/posts\/59871","targetHints":{"allow":["GET"]}}],"collection":[{"href":"https:\/\/elinformanteperu.com\/index.php\/wp-json\/wp\/v2\/posts"}],"about":[{"href":"https:\/\/elinformanteperu.com\/index.php\/wp-json\/wp\/v2\/types\/post"}],"author":[{"embeddable":true,"href":"https:\/\/elinformanteperu.com\/index.php\/wp-json\/wp\/v2\/users\/1"}],"replies":[{"embeddable":true,"href":"https:\/\/elinformanteperu.com\/index.php\/wp-json\/wp\/v2\/comments?post=59871"}],"version-history":[{"count":1,"href":"https:\/\/elinformanteperu.com\/index.php\/wp-json\/wp\/v2\/posts\/59871\/revisions"}],"predecessor-version":[{"id":59873,"href":"https:\/\/elinformanteperu.com\/index.php\/wp-json\/wp\/v2\/posts\/59871\/revisions\/59873"}],"wp:featuredmedia":[{"embeddable":true,"href":"https:\/\/elinformanteperu.com\/index.php\/wp-json\/wp\/v2\/media\/59872"}],"wp:attachment":[{"href":"https:\/\/elinformanteperu.com\/index.php\/wp-json\/wp\/v2\/media?parent=59871"}],"wp:term":[{"taxonomy":"category","embeddable":true,"href":"https:\/\/elinformanteperu.com\/index.php\/wp-json\/wp\/v2\/categories?post=59871"},{"taxonomy":"post_tag","embeddable":true,"href":"https:\/\/elinformanteperu.com\/index.php\/wp-json\/wp\/v2\/tags?post=59871"}],"curies":[{"name":"wp","href":"https:\/\/api.w.org\/{rel}","templated":true}]}}