{"id":59862,"date":"2019-11-05T22:12:22","date_gmt":"2019-11-06T03:12:22","guid":{"rendered":"http:\/\/elinformanteperu.com\/?p=59862"},"modified":"2019-11-05T22:12:22","modified_gmt":"2019-11-06T03:12:22","slug":"capturan-a-3-presuntos-miembros-de-red-criminal-los-fierreros-de-la-victoria","status":"publish","type":"post","link":"https:\/\/elinformanteperu.com\/index.php\/2019\/11\/05\/capturan-a-3-presuntos-miembros-de-red-criminal-los-fierreros-de-la-victoria\/","title":{"rendered":"Capturan a 3 presuntos miembros de red criminal \u00abLos Fierreros de La Victoria\u00bb"},"content":{"rendered":"<p><strong><span style=\"color: #000000;\">Agentes de la Direcci\u00f3n de Inteligencia de la Pol\u00edcia Nacional del Per\u00fa (PNP) capturaron a tres presuntos integrantes de la red criminal \u00abLos Fierreros de La Victoria\u00bb.<\/span><\/strong><\/p>\n<p><span style=\"color: #000000;\"><strong>Lima, 05 Noviembre 2019, (ANDINA).-<\/strong> Agentes de la Direcci\u00f3n de Inteligencia de la Pol\u00edcia Nacional del Per\u00fa (PNP) capturaron a tres presuntos integrantes de la red criminal \u00abLos Fierreros de La Victoria\u00bb, quienes pretend\u00edan asaltar casa de cambio en el distrito lime\u00f1o de La Victoria.<\/span><\/p>\n<p><span style=\"color: #000000;\">As\u00ed lo inform\u00f3 el Ministerio del Interior (Mininter) en su cuenta oficial de Twitter, donde precis\u00f3 que durante el operativo policial fueron incautados un rev\u00f3lver, pasamonta\u00f1as y croquis.<\/span><\/p>\n<p><span style=\"color: #000000;\">La banda esta integrada por aproximadamente quince delincuentes, sin embargo, gracias a los esfuerzos de los efectivos policiales est\u00e1n cayendo uno a uno sus integrantes.<\/span><\/p>\n","protected":false},"excerpt":{"rendered":"<p>Agentes de la Direcci\u00f3n de Inteligencia de la Pol\u00edcia Nacional del Per\u00fa (PNP) capturaron a tres presuntos integrantes de la red criminal \u00abLos Fierreros de La Victoria\u00bb. Lima, 05 Noviembre 2019, (ANDINA).- Agentes de la Direcci\u00f3n de Inteligencia de la Pol\u00edcia Nacional del Per\u00fa (PNP) capturaron a tres presuntos integrantes de la red criminal \u00abLos [&hellip;]<\/p>\n","protected":false},"author":1,"featured_media":59863,"comment_status":"open","ping_status":"open","sticky":false,"template":"","format":"standard","meta":{"rop_custom_images_group":[],"rop_custom_messages_group":[],"rop_publish_now":"initial","rop_publish_now_accounts":[],"rop_publish_now_history":[],"rop_publish_now_status":"pending","footnotes":""},"categories":[10],"tags":[3764,281],"class_list":["post-59862","post","type-post","status-publish","format-standard","has-post-thumbnail","hentry","category-actualidad-municipal","tag-la-victoria","tag-policia-nacional"],"_links":{"self":[{"href":"https:\/\/elinformanteperu.com\/index.php\/wp-json\/wp\/v2\/posts\/59862","targetHints":{"allow":["GET"]}}],"collection":[{"href":"https:\/\/elinformanteperu.com\/index.php\/wp-json\/wp\/v2\/posts"}],"about":[{"href":"https:\/\/elinformanteperu.com\/index.php\/wp-json\/wp\/v2\/types\/post"}],"author":[{"embeddable":true,"href":"https:\/\/elinformanteperu.com\/index.php\/wp-json\/wp\/v2\/users\/1"}],"replies":[{"embeddable":true,"href":"https:\/\/elinformanteperu.com\/index.php\/wp-json\/wp\/v2\/comments?post=59862"}],"version-history":[{"count":1,"href":"https:\/\/elinformanteperu.com\/index.php\/wp-json\/wp\/v2\/posts\/59862\/revisions"}],"predecessor-version":[{"id":59864,"href":"https:\/\/elinformanteperu.com\/index.php\/wp-json\/wp\/v2\/posts\/59862\/revisions\/59864"}],"wp:featuredmedia":[{"embeddable":true,"href":"https:\/\/elinformanteperu.com\/index.php\/wp-json\/wp\/v2\/media\/59863"}],"wp:attachment":[{"href":"https:\/\/elinformanteperu.com\/index.php\/wp-json\/wp\/v2\/media?parent=59862"}],"wp:term":[{"taxonomy":"category","embeddable":true,"href":"https:\/\/elinformanteperu.com\/index.php\/wp-json\/wp\/v2\/categories?post=59862"},{"taxonomy":"post_tag","embeddable":true,"href":"https:\/\/elinformanteperu.com\/index.php\/wp-json\/wp\/v2\/tags?post=59862"}],"curies":[{"name":"wp","href":"https:\/\/api.w.org\/{rel}","templated":true}]}}