{"id":59749,"date":"2019-11-03T23:30:26","date_gmt":"2019-11-04T04:30:26","guid":{"rendered":"http:\/\/elinformanteperu.com\/?p=59749"},"modified":"2019-11-03T23:30:26","modified_gmt":"2019-11-04T04:30:26","slug":"sueldo-minimo-criterios-tecnicos-protegeran-aumento-de-decisiones-politicas","status":"publish","type":"post","link":"https:\/\/elinformanteperu.com\/index.php\/2019\/11\/03\/sueldo-minimo-criterios-tecnicos-protegeran-aumento-de-decisiones-politicas\/","title":{"rendered":"Sueldo m\u00ednimo: criterios t\u00e9cnicos proteger\u00e1n aumento de decisiones pol\u00edticas"},"content":{"rendered":"<p><strong><span style=\"color: #000000;\">La ministra de Econom\u00eda y Finanzas, Mar\u00eda Antonieta Alva, se\u00f1al\u00f3 que la norma con criterios t\u00e9cnicos y objetivos para definir el incremento de la Remuneraci\u00f3n M\u00ednima Vital.<\/span><\/strong><\/p>\n<p><span style=\"color: #000000;\"><strong>Lima, 03 Noviembre 2019, (ANDINA).-<\/strong> La ministra de Econom\u00eda y Finanzas, Mar\u00eda Antonieta Alva, se\u00f1al\u00f3 que la norma con criterios t\u00e9cnicos y objetivos para definir el incremento de la Remuneraci\u00f3n M\u00ednima Vital busca proteger esta medida de decisiones pol\u00edticas.<\/span><\/p>\n<p><span style=\"color: #000000;\">\u201cLos criterios que se tienen que considerar son la inflaci\u00f3n, que refleja el costo de vida, y la productividad total de los factores\u201d, declar\u00f3 en RPP.<\/span><\/p>\n<p><span style=\"color: #000000;\">Alva explic\u00f3 que el incremento anunciado por el presidente del Consejo de Ministros como parte de la pol\u00edtica general de gobierno, tendr\u00e1 dos etapas: una primera para promover una norma con los criterios t\u00e9cnicos y otra con la propuesta de incremento como tal.<\/span><\/p>\n<p><span style=\"color: #000000;\">La propuesta de aumento que se alcanzar\u00e1 al Consejo Nacional del Trabajo el primer trimestre del pr\u00f3ximo a\u00f1o se ajustar\u00e1 a esos criterios, adelant\u00f3.<\/span><\/p>\n<p><span style=\"color: #000000;\">\u00abEs importante mostrar nuestro compromiso con la responsabilidad y con la idea de que esto sea a partir de criterios t\u00e9cnicos. El Ministerio de Trabajo tiene una primera propuesta que vamos a estar evaluando en los pr\u00f3ximos d\u00edas\u00bb, afirm\u00f3.<\/span><\/p>\n<p><span style=\"color: #000000;\">Alva explic\u00f3 adem\u00e1s que las obras paralizadas por m\u00e1s de tres meses y que tienen una ejecuci\u00f3n de m\u00e1s del 50 % podr\u00e1n tener una continuidad a trav\u00e9s de una contrataci\u00f3n directa con el control concurrente de la Contralor\u00eda General de la Rep\u00fablica.<\/span><\/p>\n<p><span style=\"color: #000000;\">El impacto de esta medida, refiri\u00f3, podr\u00e1 verse en el primer trimestre del pr\u00f3ximo a\u00f1o.<\/span><\/p>\n<p><span style=\"color: #000000;\">Anunci\u00f3 adem\u00e1s que antes de concluir el 2019 se aprobar\u00e1n, a trav\u00e9s de decretos de urgencia, la Ley de Presupuesto,<\/span><br \/>\n<span style=\"color: #000000;\">Equilibrio y Endeudamiento, la ampliaci\u00f3n de las exoneraciones tributarias que vencen a fin de a\u00f1o y se definir\u00e1 si las leyes pendientes del Plan Nacional de Competitividad se promover\u00e1n como decretos de urgencia.<\/span><\/p>\n","protected":false},"excerpt":{"rendered":"<p>La ministra de Econom\u00eda y Finanzas, Mar\u00eda Antonieta Alva, se\u00f1al\u00f3 que la norma con criterios t\u00e9cnicos y objetivos para definir el incremento de la Remuneraci\u00f3n M\u00ednima Vital. Lima, 03 Noviembre 2019, (ANDINA).- La ministra de Econom\u00eda y Finanzas, Mar\u00eda Antonieta Alva, se\u00f1al\u00f3 que la norma con criterios t\u00e9cnicos y objetivos para definir el incremento de [&hellip;]<\/p>\n","protected":false},"author":1,"featured_media":59750,"comment_status":"open","ping_status":"open","sticky":false,"template":"","format":"standard","meta":{"rop_custom_images_group":[],"rop_custom_messages_group":[],"rop_publish_now":"initial","rop_publish_now_accounts":[],"rop_publish_now_history":[],"rop_publish_now_status":"pending","footnotes":""},"categories":[5],"tags":[4900,315,314],"class_list":["post-59749","post","type-post","status-publish","format-standard","has-post-thumbnail","hentry","category-actualidad-informativa","tag-maria-antonieta-alva","tag-mef","tag-ministerio-de-economia-y-finanzas"],"_links":{"self":[{"href":"https:\/\/elinformanteperu.com\/index.php\/wp-json\/wp\/v2\/posts\/59749","targetHints":{"allow":["GET"]}}],"collection":[{"href":"https:\/\/elinformanteperu.com\/index.php\/wp-json\/wp\/v2\/posts"}],"about":[{"href":"https:\/\/elinformanteperu.com\/index.php\/wp-json\/wp\/v2\/types\/post"}],"author":[{"embeddable":true,"href":"https:\/\/elinformanteperu.com\/index.php\/wp-json\/wp\/v2\/users\/1"}],"replies":[{"embeddable":true,"href":"https:\/\/elinformanteperu.com\/index.php\/wp-json\/wp\/v2\/comments?post=59749"}],"version-history":[{"count":1,"href":"https:\/\/elinformanteperu.com\/index.php\/wp-json\/wp\/v2\/posts\/59749\/revisions"}],"predecessor-version":[{"id":59751,"href":"https:\/\/elinformanteperu.com\/index.php\/wp-json\/wp\/v2\/posts\/59749\/revisions\/59751"}],"wp:featuredmedia":[{"embeddable":true,"href":"https:\/\/elinformanteperu.com\/index.php\/wp-json\/wp\/v2\/media\/59750"}],"wp:attachment":[{"href":"https:\/\/elinformanteperu.com\/index.php\/wp-json\/wp\/v2\/media?parent=59749"}],"wp:term":[{"taxonomy":"category","embeddable":true,"href":"https:\/\/elinformanteperu.com\/index.php\/wp-json\/wp\/v2\/categories?post=59749"},{"taxonomy":"post_tag","embeddable":true,"href":"https:\/\/elinformanteperu.com\/index.php\/wp-json\/wp\/v2\/tags?post=59749"}],"curies":[{"name":"wp","href":"https:\/\/api.w.org\/{rel}","templated":true}]}}