{"id":59743,"date":"2019-11-03T23:22:49","date_gmt":"2019-11-04T04:22:49","guid":{"rendered":"http:\/\/elinformanteperu.com\/?p=59743"},"modified":"2019-11-03T23:22:49","modified_gmt":"2019-11-04T04:22:49","slug":"alianza-para-el-progreso-eligio-candidatos-al-congreso-2020","status":"publish","type":"post","link":"https:\/\/elinformanteperu.com\/index.php\/2019\/11\/03\/alianza-para-el-progreso-eligio-candidatos-al-congreso-2020\/","title":{"rendered":"Alianza para el Progreso eligi\u00f3 candidatos al Congreso 2020"},"content":{"rendered":"<p><strong><span style=\"color: #000000;\">El partido pol\u00edtico nacional, Alianza para el Progreso, APP, eligi\u00f3 a sus 140 candidatos que lo representar\u00e1n en las elecciones legislativas del pr\u00f3ximo 26 de enero.<\/span><\/strong><\/p>\n<p><span style=\"color: #000000;\"><strong>Lima, 03 Noviembre 2019, (ANDINA).-<\/strong> El partido pol\u00edtico nacional, Alianza para el Progreso, APP, eligi\u00f3 a sus 140 candidatos que lo representar\u00e1n en las elecciones legislativas del pr\u00f3ximo 26 de enero del 2020.<\/span><\/p>\n<p><span style=\"color: #000000;\">En la lista de candidatos de APP, cerca del 44 % de los postulantes al Congreso son mujeres, los j\u00f3venes tienen una significativa participaci\u00f3n; 33 % tiene edades entre 25 a 40 a\u00f1os y los profesionales superan el 72%, de los cuales 29% cuentan con maestr\u00eda.<\/span><\/p>\n<p><span style=\"color: #000000;\">\u201cEn este momento APP tiene la gran responsabilidad de recuperar la imagen de la pol\u00edtica nacional, de construir el pa\u00eds del bicentenario, por ello se ha elegido a las mejores personas que representen los anhelos ciudadanos\u201d, expres\u00f3 C\u00e9sar Acu\u00f1a Peralta, l\u00edder de la agrupaci\u00f3n pol\u00edtica.<\/span><\/p>\n<p><span style=\"color: #000000;\">Anunci\u00f3 que pr\u00f3ximamente los 140 candidatos al Congreso se reunir\u00e1n en Lima, para elaborar la agenda parlamentaria de APP-2020, que tendr\u00e1 como ejes principales, erradicar la corrupci\u00f3n, impulsar la reactivaci\u00f3n econ\u00f3mica del pa\u00eds y continuar con las reformas judiciales y pol\u00edticas.<\/span><\/p>\n<p><span style=\"color: #000000;\">La elecci\u00f3n de los candidatos se realiz\u00f3 mediante los votos de los delegados regionales que se congregaron en el local principal de APP, con sede en el distrito de Jes\u00fas Mar\u00eda.<\/span><\/p>\n","protected":false},"excerpt":{"rendered":"<p>El partido pol\u00edtico nacional, Alianza para el Progreso, APP, eligi\u00f3 a sus 140 candidatos que lo representar\u00e1n en las elecciones legislativas del pr\u00f3ximo 26 de enero. Lima, 03 Noviembre 2019, (ANDINA).- El partido pol\u00edtico nacional, Alianza para el Progreso, APP, eligi\u00f3 a sus 140 candidatos que lo representar\u00e1n en las elecciones legislativas del pr\u00f3ximo 26 [&hellip;]<\/p>\n","protected":false},"author":1,"featured_media":59744,"comment_status":"open","ping_status":"open","sticky":false,"template":"","format":"standard","meta":{"rop_custom_images_group":[],"rop_custom_messages_group":[],"rop_publish_now":"initial","rop_publish_now_accounts":[],"rop_publish_now_history":[],"rop_publish_now_status":"pending","footnotes":""},"categories":[5],"tags":[275,276,4898],"class_list":["post-59743","post","type-post","status-publish","format-standard","has-post-thumbnail","hentry","category-actualidad-informativa","tag-alianza-para-el-progreso","tag-app","tag-elecciones-parlamentarias-2020"],"_links":{"self":[{"href":"https:\/\/elinformanteperu.com\/index.php\/wp-json\/wp\/v2\/posts\/59743","targetHints":{"allow":["GET"]}}],"collection":[{"href":"https:\/\/elinformanteperu.com\/index.php\/wp-json\/wp\/v2\/posts"}],"about":[{"href":"https:\/\/elinformanteperu.com\/index.php\/wp-json\/wp\/v2\/types\/post"}],"author":[{"embeddable":true,"href":"https:\/\/elinformanteperu.com\/index.php\/wp-json\/wp\/v2\/users\/1"}],"replies":[{"embeddable":true,"href":"https:\/\/elinformanteperu.com\/index.php\/wp-json\/wp\/v2\/comments?post=59743"}],"version-history":[{"count":1,"href":"https:\/\/elinformanteperu.com\/index.php\/wp-json\/wp\/v2\/posts\/59743\/revisions"}],"predecessor-version":[{"id":59745,"href":"https:\/\/elinformanteperu.com\/index.php\/wp-json\/wp\/v2\/posts\/59743\/revisions\/59745"}],"wp:featuredmedia":[{"embeddable":true,"href":"https:\/\/elinformanteperu.com\/index.php\/wp-json\/wp\/v2\/media\/59744"}],"wp:attachment":[{"href":"https:\/\/elinformanteperu.com\/index.php\/wp-json\/wp\/v2\/media?parent=59743"}],"wp:term":[{"taxonomy":"category","embeddable":true,"href":"https:\/\/elinformanteperu.com\/index.php\/wp-json\/wp\/v2\/categories?post=59743"},{"taxonomy":"post_tag","embeddable":true,"href":"https:\/\/elinformanteperu.com\/index.php\/wp-json\/wp\/v2\/tags?post=59743"}],"curies":[{"name":"wp","href":"https:\/\/api.w.org\/{rel}","templated":true}]}}