{"id":5945,"date":"2017-02-09T22:45:47","date_gmt":"2017-02-10T03:45:47","guid":{"rendered":"http:\/\/elinformanteperu.com\/?p=5945"},"modified":"2017-02-09T22:45:47","modified_gmt":"2017-02-10T03:45:47","slug":"uefa-quiere-una-seleccion-europea-en-cada-uno-de-los-16-grupos-del-mundial-de-48-equipos","status":"publish","type":"post","link":"https:\/\/elinformanteperu.com\/index.php\/2017\/02\/09\/uefa-quiere-una-seleccion-europea-en-cada-uno-de-los-16-grupos-del-mundial-de-48-equipos\/","title":{"rendered":"UEFA quiere una selecci\u00f3n europea en cada uno de los 16 grupos del Mundial de 48 equipos"},"content":{"rendered":"<p><strong>La UEFA quiere que en el Mundial de 48 equipos que empezar\u00e1 a disputarse a partir de 2026 participen 16 selecciones europeas, una en cada grupo.<\/strong><\/p>\n<p><strong>Nyon, 09 Febrero 2017, (ANDINA).-<\/strong> La UEFA quiere que en el Mundial de 48 equipos que empezar\u00e1 a disputarse a partir de 2026 participen 16 selecciones europeas, una en cada grupo, explic\u00f3 este jueves el presidente del organismo deportivo, Aleksander Ceferin.<\/p>\n<p>El aumento en el n\u00famero de participantes en la Copa del Mundo \u00abfue decidido por la FIFA. El comit\u00e9 ejecutivo de la UEFA comprende la situaci\u00f3n y no tiene nada que hacer en ese sentido\u00bb, reconoci\u00f3 Ceferin, cuya instituci\u00f3n se mostr\u00f3 contraria a dicha ampliaci\u00f3n.<\/p>\n<p>\u00abCreemos que es realista pedir 16 grupos con la condici\u00f3n de que en cada uno de ellos figure una selecci\u00f3n europea\u00bb, razon\u00f3.<\/p>\n<p>\u00abComo la calidad juega a nuestro favor, creo que los equipos europeos podr\u00e1n pasar a la siguiente ronda\u00bb, abund\u00f3 el mandatario durante la reuni\u00f3n del comit\u00e9 ejecutivo de la UEFA, celebrada este jueves en Nyon (Suiza).<\/p>\n<p>La FIFA aprob\u00f3 el pasado 10 de enero, de forma un\u00e1nime, la participaci\u00f3n de 48 pa\u00edses en el Mundial de 2026, con una primera fase de 16 grupos de tres selecciones cada uno.<\/p>\n<p>Ahora s\u00f3lo falta conocer el n\u00famero de plazas para cada confederaci\u00f3n, una cuesti\u00f3n que todav\u00eda no se ha tratado y que probablemente se decida durante el congreso que la FIFA celebrar\u00e1 en mayo en Manama (Bar\u00e9in).<\/p>\n<p>No obstante y seg\u00fan una fuente oficial de la FIFA, Europa pasar\u00eda a sumar de 13 a 16 plazas, \u00c1frica -la principal beneficiada- de 5 a 9 y Sudam\u00e9rica de 4 a 6 (m\u00e1s un equipo que jugar\u00e1 la repesca).<\/p>\n<p><img fetchpriority=\"high\" decoding=\"async\" class=\"size-full wp-image-5947 aligncenter\" src=\"http:\/\/elinformanteperu.com\/wp-content\/uploads\/2017\/02\/uefa1.jpg\" alt=\"\" width=\"640\" height=\"466\" srcset=\"https:\/\/elinformanteperu.com\/wp-content\/uploads\/2017\/02\/uefa1.jpg 640w, https:\/\/elinformanteperu.com\/wp-content\/uploads\/2017\/02\/uefa1-300x218.jpg 300w, https:\/\/elinformanteperu.com\/wp-content\/uploads\/2017\/02\/uefa1-128x93.jpg 128w, https:\/\/elinformanteperu.com\/wp-content\/uploads\/2017\/02\/uefa1-32x23.jpg 32w\" sizes=\"(max-width: 640px) 100vw, 640px\" \/><\/p>\n","protected":false},"excerpt":{"rendered":"<p>La UEFA quiere que en el Mundial de 48 equipos que empezar\u00e1 a disputarse a partir de 2026 participen 16 selecciones europeas, una en cada grupo. Nyon, 09 Febrero 2017, (ANDINA).- La UEFA quiere que en el Mundial de 48 equipos que empezar\u00e1 a disputarse a partir de 2026 participen 16 selecciones europeas, una en [&hellip;]<\/p>\n","protected":false},"author":1,"featured_media":5946,"comment_status":"open","ping_status":"open","sticky":false,"template":"","format":"standard","meta":{"rop_custom_images_group":[],"rop_custom_messages_group":[],"rop_publish_now":"initial","rop_publish_now_accounts":[],"rop_publish_now_history":[],"rop_publish_now_status":"pending","footnotes":""},"categories":[8],"tags":[140,268],"class_list":["post-5945","post","type-post","status-publish","format-standard","has-post-thumbnail","hentry","category-disciplinas-deportivas","tag-copa-del-mundo-fifa","tag-fifa"],"_links":{"self":[{"href":"https:\/\/elinformanteperu.com\/index.php\/wp-json\/wp\/v2\/posts\/5945","targetHints":{"allow":["GET"]}}],"collection":[{"href":"https:\/\/elinformanteperu.com\/index.php\/wp-json\/wp\/v2\/posts"}],"about":[{"href":"https:\/\/elinformanteperu.com\/index.php\/wp-json\/wp\/v2\/types\/post"}],"author":[{"embeddable":true,"href":"https:\/\/elinformanteperu.com\/index.php\/wp-json\/wp\/v2\/users\/1"}],"replies":[{"embeddable":true,"href":"https:\/\/elinformanteperu.com\/index.php\/wp-json\/wp\/v2\/comments?post=5945"}],"version-history":[{"count":1,"href":"https:\/\/elinformanteperu.com\/index.php\/wp-json\/wp\/v2\/posts\/5945\/revisions"}],"predecessor-version":[{"id":5948,"href":"https:\/\/elinformanteperu.com\/index.php\/wp-json\/wp\/v2\/posts\/5945\/revisions\/5948"}],"wp:featuredmedia":[{"embeddable":true,"href":"https:\/\/elinformanteperu.com\/index.php\/wp-json\/wp\/v2\/media\/5946"}],"wp:attachment":[{"href":"https:\/\/elinformanteperu.com\/index.php\/wp-json\/wp\/v2\/media?parent=5945"}],"wp:term":[{"taxonomy":"category","embeddable":true,"href":"https:\/\/elinformanteperu.com\/index.php\/wp-json\/wp\/v2\/categories?post=5945"},{"taxonomy":"post_tag","embeddable":true,"href":"https:\/\/elinformanteperu.com\/index.php\/wp-json\/wp\/v2\/tags?post=5945"}],"curies":[{"name":"wp","href":"https:\/\/api.w.org\/{rel}","templated":true}]}}