{"id":59028,"date":"2019-10-23T00:36:54","date_gmt":"2019-10-23T05:36:54","guid":{"rendered":"http:\/\/elinformanteperu.com\/?p=59028"},"modified":"2019-10-23T01:30:31","modified_gmt":"2019-10-23T06:30:31","slug":"incendio-consume-fabrica-de-hilados-en-cercado-de-lima","status":"publish","type":"post","link":"https:\/\/elinformanteperu.com\/index.php\/2019\/10\/23\/incendio-consume-fabrica-de-hilados-en-cercado-de-lima\/","title":{"rendered":"Incendio consume f\u00e1brica de hilados en Cercado de Lima"},"content":{"rendered":"<p><strong><span style=\"color: #000000;\">Al menos 14 unidades del Cuerpo de Bomberos Voluntarios atienden el incendio que se reporta en una empresa de fabricaci\u00f3n de hilados.<\/span><\/strong><\/p>\n<p><span style=\"color: #000000;\"><strong>Lima, 22 Octubre 2019, (ANDINA).-<\/strong> Al menos 14 unidades del Cuerpo de Bomberos Voluntarios atienden el incendio que se reporta en una empresa de fabricaci\u00f3n de hilados ubicada en una zona industrial del Cercado de Lima.<\/span><\/p>\n<p><span style=\"color: #000000;\">La emergencia tiene lugar en la f\u00e1brica Romosa, situada en la avenida Maquinarias 2305, hasta donde tambi\u00e9n han llegado ambulancias del SAMU y personal del serenazgo y de la Polic\u00eda Nacional, para acordonar la zona.<\/span><\/p>\n<p><span style=\"color: #000000;\">Larry Linch, integrante de los bomberos, explic\u00f3 en RPP que la gran cantidad de humo que puede divisarse desde lejos se debe a las pacas de algod\u00f3n (algod\u00f3n empaquetado) que hay dentro de la empresa. \u00abEstamos tratando de contener el fuego\u00bb.<\/span><\/p>\n<p><span style=\"color: #000000;\">A\u00fan se desconoce el origen del fuego. Hasta el momento no se ha hablado de heridos o v\u00edctimas que lamentar.<\/span><\/p>\n<p><iframe title=\"Cercado de Lima: incendio consume f\u00e1brica de hilados en zona industrial\" width=\"615\" height=\"346\" src=\"https:\/\/www.youtube.com\/embed\/h0SqYLMvHf4?feature=oembed\" frameborder=\"0\" allow=\"accelerometer; autoplay; clipboard-write; encrypted-media; gyroscope; picture-in-picture; web-share\" referrerpolicy=\"strict-origin-when-cross-origin\" allowfullscreen><\/iframe><\/p>\n","protected":false},"excerpt":{"rendered":"<p>Al menos 14 unidades del Cuerpo de Bomberos Voluntarios atienden el incendio que se reporta en una empresa de fabricaci\u00f3n de hilados. Lima, 22 Octubre 2019, (ANDINA).- Al menos 14 unidades del Cuerpo de Bomberos Voluntarios atienden el incendio que se reporta en una empresa de fabricaci\u00f3n de hilados ubicada en una zona industrial del [&hellip;]<\/p>\n","protected":false},"author":1,"featured_media":59029,"comment_status":"open","ping_status":"open","sticky":false,"template":"","format":"standard","meta":{"rop_custom_images_group":[],"rop_custom_messages_group":[],"rop_publish_now":"initial","rop_publish_now_accounts":[],"rop_publish_now_history":[],"rop_publish_now_status":"pending","footnotes":""},"categories":[10],"tags":[187,1613,798],"class_list":["post-59028","post","type-post","status-publish","format-standard","has-post-thumbnail","hentry","category-actualidad-municipal","tag-incendio","tag-lima","tag-samu"],"_links":{"self":[{"href":"https:\/\/elinformanteperu.com\/index.php\/wp-json\/wp\/v2\/posts\/59028","targetHints":{"allow":["GET"]}}],"collection":[{"href":"https:\/\/elinformanteperu.com\/index.php\/wp-json\/wp\/v2\/posts"}],"about":[{"href":"https:\/\/elinformanteperu.com\/index.php\/wp-json\/wp\/v2\/types\/post"}],"author":[{"embeddable":true,"href":"https:\/\/elinformanteperu.com\/index.php\/wp-json\/wp\/v2\/users\/1"}],"replies":[{"embeddable":true,"href":"https:\/\/elinformanteperu.com\/index.php\/wp-json\/wp\/v2\/comments?post=59028"}],"version-history":[{"count":2,"href":"https:\/\/elinformanteperu.com\/index.php\/wp-json\/wp\/v2\/posts\/59028\/revisions"}],"predecessor-version":[{"id":59074,"href":"https:\/\/elinformanteperu.com\/index.php\/wp-json\/wp\/v2\/posts\/59028\/revisions\/59074"}],"wp:featuredmedia":[{"embeddable":true,"href":"https:\/\/elinformanteperu.com\/index.php\/wp-json\/wp\/v2\/media\/59029"}],"wp:attachment":[{"href":"https:\/\/elinformanteperu.com\/index.php\/wp-json\/wp\/v2\/media?parent=59028"}],"wp:term":[{"taxonomy":"category","embeddable":true,"href":"https:\/\/elinformanteperu.com\/index.php\/wp-json\/wp\/v2\/categories?post=59028"},{"taxonomy":"post_tag","embeddable":true,"href":"https:\/\/elinformanteperu.com\/index.php\/wp-json\/wp\/v2\/tags?post=59028"}],"curies":[{"name":"wp","href":"https:\/\/api.w.org\/{rel}","templated":true}]}}