{"id":59019,"date":"2019-10-23T00:28:38","date_gmt":"2019-10-23T05:28:38","guid":{"rendered":"http:\/\/elinformanteperu.com\/?p=59019"},"modified":"2019-10-23T00:28:38","modified_gmt":"2019-10-23T05:28:38","slug":"perdio-sus-dos-piernas-en-accidente-pero-vuelve-a-caminar-gracias-al-sis","status":"publish","type":"post","link":"https:\/\/elinformanteperu.com\/index.php\/2019\/10\/23\/perdio-sus-dos-piernas-en-accidente-pero-vuelve-a-caminar-gracias-al-sis\/","title":{"rendered":"Perdi\u00f3 sus dos piernas en accidente, pero vuelve a caminar gracias al SIS"},"content":{"rendered":"<p><strong><span style=\"color: #000000;\">Agricultor estuvo m\u00e1s de dos a\u00f1os trabajando en su chacra en Madre de Dios con las piernas amputadas y arrastr\u00e1ndose por el piso. <\/span><span style=\"color: #000000;\">El Ministerio de Salud, a trav\u00e9s del SIS, est\u00e1 cubriendo los gastos de sus dos pr\u00f3tesis.<\/span><\/strong><\/p>\n<p><span style=\"color: #000000;\"><strong>Lima, 22 Octubre 2019, (El Informante Per\u00fa).-<\/strong> Un fat\u00eddico choque entre su peque\u00f1o trim\u00f3vil y un voluminoso carguero de traficantes de madera en Madre de Dios, ocasion\u00f3 que el agricultor Mariano P\u00e1ucar Huanca perdiera sus dos piernas hace casi tres a\u00f1os.<\/span><\/p>\n<p><span style=\"color: #000000;\">No era afiliado al SIS y \u00e9l mismo tuvo que costear su atenci\u00f3n en el hospital Santa Rosa de Puerto Maldonado y luego en el Diospi Suyana de Curahuasi. Su estado era sumamente grave. Los m\u00e9dicos pudieron salvarle la vida, m\u00e1s no sus piernas.<\/span><\/p>\n<p><span style=\"color: #000000;\">El poco dinero que ten\u00eda se le acab\u00f3 y no le qued\u00f3 m\u00e1s remedio que regresar a su chacra, pero esta vez sin piernas, por lo que estuvo arrastr\u00e1ndose pues la silla de ruedas que ten\u00eda no le serv\u00eda en el campo.<\/span><\/p>\n<p><strong><span style=\"color: #000000;\">Se afili\u00f3 al SIS<\/span><\/strong><\/p>\n<p><span style=\"color: #000000;\">Orientado por m\u00e9dicos, acudi\u00f3 a las oficinas del SIS y se afili\u00f3 en busca de una luz de esperanza que pudiera mejorar su estado de salud y calidad de vida.<\/span><\/p>\n<p><span style=\"color: #000000;\">Hace un poco m\u00e1s de cinco meses viene trat\u00e1ndose gratuitamente en el Instituto Nacional de Rehabilitaci\u00f3n (INR) en Lima, gracias al SIS. All\u00ed le han hecho dos pr\u00f3tesis a su medida (la izquierda desde la cadera y la derecha desde debajo de la rodilla), todo cubierto por el Ministerio de Salud, a trav\u00e9s del Seguro Integral de Salud. Desde su afiliaci\u00f3n, ha recibido de manera gratuita las evaluaciones m\u00e9dicas, la terapia f\u00edsica y ocupacional, la atenci\u00f3n psicolog\u00eda. Tras este corto periodo en Lima, ya ha empezado a dar sus primeros pasos con ayuda de un andador.<\/span><\/p>\n<p><span style=\"color: #000000;\">Su m\u00e9dico tratante del INR, Karen Amayo, confirm\u00f3 que el SIS le ha brindado las dos pr\u00f3tesis. \u201cNo ha pagado nada por ellas. Tampoco le costaron las terapias, las consultas ni los otros ex\u00e1menes que se requirieron. Todo lo cubre el SIS. El tratamiento aqu\u00ed es multidisciplinario. Felizmente el se\u00f1or tiene bastante fuerza y ha logrado la rehabilitaci\u00f3n muy r\u00e1pido\u201d, indic\u00f3.<\/span><\/p>\n","protected":false},"excerpt":{"rendered":"<p>Agricultor estuvo m\u00e1s de dos a\u00f1os trabajando en su chacra en Madre de Dios con las piernas amputadas y arrastr\u00e1ndose por el piso. El Ministerio de Salud, a trav\u00e9s del SIS, est\u00e1 cubriendo los gastos de sus dos pr\u00f3tesis. Lima, 22 Octubre 2019, (El Informante Per\u00fa).- Un fat\u00eddico choque entre su peque\u00f1o trim\u00f3vil y un [&hellip;]<\/p>\n","protected":false},"author":1,"featured_media":59020,"comment_status":"open","ping_status":"open","sticky":false,"template":"","format":"standard","meta":{"rop_custom_images_group":[],"rop_custom_messages_group":[],"rop_publish_now":"initial","rop_publish_now_accounts":[],"rop_publish_now_history":[],"rop_publish_now_status":"pending","footnotes":""},"categories":[10],"tags":[1758],"class_list":["post-59019","post","type-post","status-publish","format-standard","has-post-thumbnail","hentry","category-actualidad-municipal","tag-sis"],"_links":{"self":[{"href":"https:\/\/elinformanteperu.com\/index.php\/wp-json\/wp\/v2\/posts\/59019","targetHints":{"allow":["GET"]}}],"collection":[{"href":"https:\/\/elinformanteperu.com\/index.php\/wp-json\/wp\/v2\/posts"}],"about":[{"href":"https:\/\/elinformanteperu.com\/index.php\/wp-json\/wp\/v2\/types\/post"}],"author":[{"embeddable":true,"href":"https:\/\/elinformanteperu.com\/index.php\/wp-json\/wp\/v2\/users\/1"}],"replies":[{"embeddable":true,"href":"https:\/\/elinformanteperu.com\/index.php\/wp-json\/wp\/v2\/comments?post=59019"}],"version-history":[{"count":1,"href":"https:\/\/elinformanteperu.com\/index.php\/wp-json\/wp\/v2\/posts\/59019\/revisions"}],"predecessor-version":[{"id":59021,"href":"https:\/\/elinformanteperu.com\/index.php\/wp-json\/wp\/v2\/posts\/59019\/revisions\/59021"}],"wp:featuredmedia":[{"embeddable":true,"href":"https:\/\/elinformanteperu.com\/index.php\/wp-json\/wp\/v2\/media\/59020"}],"wp:attachment":[{"href":"https:\/\/elinformanteperu.com\/index.php\/wp-json\/wp\/v2\/media?parent=59019"}],"wp:term":[{"taxonomy":"category","embeddable":true,"href":"https:\/\/elinformanteperu.com\/index.php\/wp-json\/wp\/v2\/categories?post=59019"},{"taxonomy":"post_tag","embeddable":true,"href":"https:\/\/elinformanteperu.com\/index.php\/wp-json\/wp\/v2\/tags?post=59019"}],"curies":[{"name":"wp","href":"https:\/\/api.w.org\/{rel}","templated":true}]}}