{"id":59007,"date":"2019-10-22T23:55:53","date_gmt":"2019-10-23T04:55:53","guid":{"rendered":"http:\/\/elinformanteperu.com\/?p=59007"},"modified":"2019-10-22T23:55:53","modified_gmt":"2019-10-23T04:55:53","slug":"chile-campeonato-sigue-en-pausa-por-extendido-estallido-social","status":"publish","type":"post","link":"https:\/\/elinformanteperu.com\/index.php\/2019\/10\/22\/chile-campeonato-sigue-en-pausa-por-extendido-estallido-social\/","title":{"rendered":"Chile: campeonato sigue en pausa por extendido estallido social"},"content":{"rendered":"<p><strong><span style=\"color: #000000;\">La Asociaci\u00f3n del F\u00fatbol chileno (ANFP) suspendi\u00f3 por segunda semana consecutiva la fecha del Campeonato-2018 del f\u00fatbol chileno debido al estallido social en dicho pa\u00eds.<\/span><\/strong><\/p>\n<p><span style=\"color: #000000;\"><strong>Santiago, 22 Octubre 2019, (ANDINA).-<\/strong> La Asociaci\u00f3n del F\u00fatbol chileno (ANFP) suspendi\u00f3 por segunda semana consecutiva la fecha del Campeonato-2018 del f\u00fatbol chileno, que est\u00e1 en la recta final, debido al estallido social con 15 muertos que afecta Chile desde el viernes.<\/span><\/p>\n<p><span style=\"color: #000000;\">\u00abAnalizando el devenir de las cosas en los \u00faltimos d\u00edas, la ANFP ha decidido la suspensi\u00f3n \u00edntegra de la pr\u00f3xima fecha de la Primera Divisi\u00f3n, Primera B y la Segunda Divisi\u00f3n\u00bb, se\u00f1al\u00f3 el presidente de la asociaci\u00f3n, Sebasti\u00e1n Moreno.<\/span><\/p>\n<p><span style=\"color: #000000;\">El directivo llam\u00f3 a tomar los \u00abvalores del f\u00fatbol en una cancha que son la comunicaci\u00f3n, el trabajo en equipo, la solidaridad y la tolerancia, y el f\u00fatbol chileno est\u00e1 a disposici\u00f3n para ser un elemento de uni\u00f3n de la sociedad\u00bb, agreg\u00f3.<\/span><\/p>\n<p><span style=\"color: #000000;\">En la recta final, Universidad Cat\u00f3lica est\u00e1 a un paso de consagrarse bicampe\u00f3n del f\u00fatbol dom\u00e9stico al liderar las posiciones trece puntos por encima de su \u00fanico escolta, Colo Colo.<\/span><\/p>\n<p><span style=\"color: #000000;\">El estadio Nacional de Santiago est\u00e1 fijado como escenario de la final de la Copa Libertadores-2019, la primera en formato de partido \u00fanico, a disputarse el 23 de noviembre. La Conmebol reafirm\u00f3 el domingo la intenci\u00f3n de jugar en Santiago, pero advirti\u00f3 que estar\u00e1 monitoreando la situaci\u00f3n.<\/span><\/p>\n<p><span style=\"color: #000000;\">Chile vive d\u00edas de incertidumbre a causa de violentas protestas que llevaron al presidente Sebasti\u00e1n Pi\u00f1era a invocar un \u00abestado de emergencia\u00bb, que sac\u00f3 a los militares a patrullar las calles y decret\u00f3 este martes el toque de queda por cuarto d\u00eda consecutivo.<\/span><\/p>\n<p><img fetchpriority=\"high\" decoding=\"async\" class=\"aligncenter size-full wp-image-52408\" src=\"http:\/\/elinformanteperu.com\/wp-content\/uploads\/2019\/07\/chile-peru-copa-america.jpg\" alt=\"\" width=\"1800\" height=\"1200\" srcset=\"https:\/\/elinformanteperu.com\/wp-content\/uploads\/2019\/07\/chile-peru-copa-america.jpg 1800w, https:\/\/elinformanteperu.com\/wp-content\/uploads\/2019\/07\/chile-peru-copa-america-300x200.jpg 300w, https:\/\/elinformanteperu.com\/wp-content\/uploads\/2019\/07\/chile-peru-copa-america-768x512.jpg 768w, https:\/\/elinformanteperu.com\/wp-content\/uploads\/2019\/07\/chile-peru-copa-america-1024x683.jpg 1024w, https:\/\/elinformanteperu.com\/wp-content\/uploads\/2019\/07\/chile-peru-copa-america-128x85.jpg 128w, https:\/\/elinformanteperu.com\/wp-content\/uploads\/2019\/07\/chile-peru-copa-america-32x21.jpg 32w\" sizes=\"(max-width: 1800px) 100vw, 1800px\" \/><\/p>\n","protected":false},"excerpt":{"rendered":"<p>La Asociaci\u00f3n del F\u00fatbol chileno (ANFP) suspendi\u00f3 por segunda semana consecutiva la fecha del Campeonato-2018 del f\u00fatbol chileno debido al estallido social en dicho pa\u00eds. Santiago, 22 Octubre 2019, (ANDINA).- La Asociaci\u00f3n del F\u00fatbol chileno (ANFP) suspendi\u00f3 por segunda semana consecutiva la fecha del Campeonato-2018 del f\u00fatbol chileno, que est\u00e1 en la recta final, debido [&hellip;]<\/p>\n","protected":false},"author":1,"featured_media":59008,"comment_status":"open","ping_status":"open","sticky":false,"template":"","format":"standard","meta":{"rop_custom_images_group":[],"rop_custom_messages_group":[],"rop_publish_now":"initial","rop_publish_now_accounts":[],"rop_publish_now_history":[],"rop_publish_now_status":"pending","footnotes":""},"categories":[8],"tags":[173],"class_list":["post-59007","post","type-post","status-publish","format-standard","has-post-thumbnail","hentry","category-disciplinas-deportivas","tag-chile"],"_links":{"self":[{"href":"https:\/\/elinformanteperu.com\/index.php\/wp-json\/wp\/v2\/posts\/59007","targetHints":{"allow":["GET"]}}],"collection":[{"href":"https:\/\/elinformanteperu.com\/index.php\/wp-json\/wp\/v2\/posts"}],"about":[{"href":"https:\/\/elinformanteperu.com\/index.php\/wp-json\/wp\/v2\/types\/post"}],"author":[{"embeddable":true,"href":"https:\/\/elinformanteperu.com\/index.php\/wp-json\/wp\/v2\/users\/1"}],"replies":[{"embeddable":true,"href":"https:\/\/elinformanteperu.com\/index.php\/wp-json\/wp\/v2\/comments?post=59007"}],"version-history":[{"count":1,"href":"https:\/\/elinformanteperu.com\/index.php\/wp-json\/wp\/v2\/posts\/59007\/revisions"}],"predecessor-version":[{"id":59009,"href":"https:\/\/elinformanteperu.com\/index.php\/wp-json\/wp\/v2\/posts\/59007\/revisions\/59009"}],"wp:featuredmedia":[{"embeddable":true,"href":"https:\/\/elinformanteperu.com\/index.php\/wp-json\/wp\/v2\/media\/59008"}],"wp:attachment":[{"href":"https:\/\/elinformanteperu.com\/index.php\/wp-json\/wp\/v2\/media?parent=59007"}],"wp:term":[{"taxonomy":"category","embeddable":true,"href":"https:\/\/elinformanteperu.com\/index.php\/wp-json\/wp\/v2\/categories?post=59007"},{"taxonomy":"post_tag","embeddable":true,"href":"https:\/\/elinformanteperu.com\/index.php\/wp-json\/wp\/v2\/tags?post=59007"}],"curies":[{"name":"wp","href":"https:\/\/api.w.org\/{rel}","templated":true}]}}