{"id":59004,"date":"2019-10-22T23:40:54","date_gmt":"2019-10-23T04:40:54","guid":{"rendered":"http:\/\/elinformanteperu.com\/?p=59004"},"modified":"2019-10-22T23:40:54","modified_gmt":"2019-10-23T04:40:54","slug":"inter-presento-oficialmente-al-nuevo-entrenador-de-paolo-guerrero","status":"publish","type":"post","link":"https:\/\/elinformanteperu.com\/index.php\/2019\/10\/22\/inter-presento-oficialmente-al-nuevo-entrenador-de-paolo-guerrero\/","title":{"rendered":"Inter present\u00f3 oficialmente al nuevo entrenador de Paolo Guerrero"},"content":{"rendered":"<p><strong><span style=\"color: #000000;\">El Internacional de Porto Alegre, que tiene entre sus filas al experimentado delantero peruano Paolo Guerrero, present\u00f3 a su flamante entrenador, Z\u00e9 Ricardo.<\/span><\/strong><\/p>\n<p><span style=\"color: #000000;\"><strong>Porto Alegre, 22 Octubre 2019, (ANDINA).-<\/strong> El Internacional de Porto Alegre, que tiene entre sus filas al experimentado delantero peruano Paolo Guerrero, present\u00f3 este martes a su flamante entrenador, Z\u00e9 Ricardo, que firm\u00f3 un contrato hasta el 31 de diciembre del presente a\u00f1o.<\/span><\/p>\n<p><span style=\"color: #000000;\">Z\u00e9 Ricardo, dirigi\u00f3 a Paolo Guerrero durante las temporadas 2016 y 2017 en Flamengo de R\u00edo de Janeiro. En aquella \u00faltima etapa ambos lograron el t\u00edtulo del Torneo Carioca y el \u00abDepredador\u00bb termin\u00f3 como mejor jugador, el m\u00e1ximo goleador, el mejor delantero y, tambi\u00e9n, integr\u00f3 el once ideal del campeonato.<\/span><\/p>\n<p><span style=\"color: #000000;\">El anuncio del nombramiento de Z\u00e9 Ricardo, quien sustituye al t\u00e9cnico Odair Hellman, pone fin a los rumores de una posible llegada del brasile\u00f1o Vanderlei Luxemburgo, y los argentinos Eduardo Coudet y Ariel Holan.<\/span><\/p>\n<p><span style=\"color: #000000;\">Actualmente, el Internacional ocupa la sexta casilla del Brasileirao, a veintid\u00f3s puntos del l\u00edder Flamengo.<\/span><\/p>\n<p><span style=\"color: #000000;\">El \u00abDepredador\u00bb fue contratado por el Internacional de Porto Alegre hasta agosto de 2021, despu\u00e9s de dejar las filas del Flamengo, otro de los grandes nombres del f\u00fatbol de Brasil.<\/span><\/p>\n<p><span style=\"color: #000000;\">Guerrero se form\u00f3 en Alianza Lima y con 18 a\u00f1os se mud\u00f3 a Europa, donde jug\u00f3 en los clubes alemanes Bayern M\u00fanich y Hamburgo. En 2012 desembarc\u00f3 en Brasil para vestir la camiseta del Corinthians y en 2015 fue transferido al Flamengo.<\/span><\/p>\n<p><img fetchpriority=\"high\" decoding=\"async\" class=\"aligncenter size-full wp-image-56417\" src=\"http:\/\/elinformanteperu.com\/wp-content\/uploads\/2019\/09\/internacional-cruzeiro1.jpg\" alt=\"\" width=\"500\" height=\"333\" srcset=\"https:\/\/elinformanteperu.com\/wp-content\/uploads\/2019\/09\/internacional-cruzeiro1.jpg 500w, https:\/\/elinformanteperu.com\/wp-content\/uploads\/2019\/09\/internacional-cruzeiro1-300x200.jpg 300w, https:\/\/elinformanteperu.com\/wp-content\/uploads\/2019\/09\/internacional-cruzeiro1-128x85.jpg 128w, https:\/\/elinformanteperu.com\/wp-content\/uploads\/2019\/09\/internacional-cruzeiro1-32x21.jpg 32w\" sizes=\"(max-width: 500px) 100vw, 500px\" \/><\/p>\n","protected":false},"excerpt":{"rendered":"<p>El Internacional de Porto Alegre, que tiene entre sus filas al experimentado delantero peruano Paolo Guerrero, present\u00f3 a su flamante entrenador, Z\u00e9 Ricardo. Porto Alegre, 22 Octubre 2019, (ANDINA).- El Internacional de Porto Alegre, que tiene entre sus filas al experimentado delantero peruano Paolo Guerrero, present\u00f3 este martes a su flamante entrenador, Z\u00e9 Ricardo, que [&hellip;]<\/p>\n","protected":false},"author":1,"featured_media":59005,"comment_status":"open","ping_status":"open","sticky":false,"template":"","format":"standard","meta":{"rop_custom_images_group":[],"rop_custom_messages_group":[],"rop_publish_now":"initial","rop_publish_now_accounts":[],"rop_publish_now_history":[],"rop_publish_now_status":"pending","footnotes":""},"categories":[8],"tags":[3445,203,4963],"class_list":["post-59004","post","type-post","status-publish","format-standard","has-post-thumbnail","hentry","category-disciplinas-deportivas","tag-inter-de-porto-alegre","tag-paolo-guerrero","tag-ze-ricardo"],"_links":{"self":[{"href":"https:\/\/elinformanteperu.com\/index.php\/wp-json\/wp\/v2\/posts\/59004","targetHints":{"allow":["GET"]}}],"collection":[{"href":"https:\/\/elinformanteperu.com\/index.php\/wp-json\/wp\/v2\/posts"}],"about":[{"href":"https:\/\/elinformanteperu.com\/index.php\/wp-json\/wp\/v2\/types\/post"}],"author":[{"embeddable":true,"href":"https:\/\/elinformanteperu.com\/index.php\/wp-json\/wp\/v2\/users\/1"}],"replies":[{"embeddable":true,"href":"https:\/\/elinformanteperu.com\/index.php\/wp-json\/wp\/v2\/comments?post=59004"}],"version-history":[{"count":1,"href":"https:\/\/elinformanteperu.com\/index.php\/wp-json\/wp\/v2\/posts\/59004\/revisions"}],"predecessor-version":[{"id":59006,"href":"https:\/\/elinformanteperu.com\/index.php\/wp-json\/wp\/v2\/posts\/59004\/revisions\/59006"}],"wp:featuredmedia":[{"embeddable":true,"href":"https:\/\/elinformanteperu.com\/index.php\/wp-json\/wp\/v2\/media\/59005"}],"wp:attachment":[{"href":"https:\/\/elinformanteperu.com\/index.php\/wp-json\/wp\/v2\/media?parent=59004"}],"wp:term":[{"taxonomy":"category","embeddable":true,"href":"https:\/\/elinformanteperu.com\/index.php\/wp-json\/wp\/v2\/categories?post=59004"},{"taxonomy":"post_tag","embeddable":true,"href":"https:\/\/elinformanteperu.com\/index.php\/wp-json\/wp\/v2\/tags?post=59004"}],"curies":[{"name":"wp","href":"https:\/\/api.w.org\/{rel}","templated":true}]}}