{"id":58795,"date":"2019-10-17T22:27:22","date_gmt":"2019-10-18T03:27:22","guid":{"rendered":"http:\/\/elinformanteperu.com\/?p=58795"},"modified":"2019-10-17T22:27:22","modified_gmt":"2019-10-18T03:27:22","slug":"inabif-niega-acusaciones-de-supuesta-discriminacion-salarial","status":"publish","type":"post","link":"https:\/\/elinformanteperu.com\/index.php\/2019\/10\/17\/inabif-niega-acusaciones-de-supuesta-discriminacion-salarial\/","title":{"rendered":"Inabif niega acusaciones de supuesta discriminaci\u00f3n salarial"},"content":{"rendered":"<p><strong><span style=\"color: #000000;\">El Inabif rechaz\u00f3 las acusaciones que su sindicato de trabajadores hizo ayer en un plant\u00f3n en relaci\u00f3n a supuestos actos de discriminaci\u00f3n salarial.<\/span><\/strong><\/p>\n<p><span style=\"color: #000000;\"><strong>Lima, 17 Octubre 2019, (ANDINA).-<\/strong> El Programa Integral Nacional para el Bienestar Familiar (Inabif) rechaz\u00f3 las acusaciones que su sindicato de trabajadores hizo ayer en un plant\u00f3n frente al Ministerio de la Mujer y Poblaciones Vulnerables en relaci\u00f3n a supuestos actos de discriminaci\u00f3n salarial y desabastecimiento en los albergues.<\/span><\/p>\n<p><span style=\"color: #000000;\">Voceros autorizados del Inabif indicaron que -por el contrario- trabajan para mejorar las condiciones y el bienestar de sus trabajadores; muestra de ello es que en julio pasado, a trav\u00e9s del Decreto Supremo N\u00b0226-2019-EF, se logr\u00f3 establecer una nueva escala remunerativa a favor del personal.<\/span><\/p>\n<p><span style=\"color: #000000;\">Los favorecidos son quienes laboran bajo el R\u00e9gimen Laboral del Decreto Legislativo 728, quienes hoy gozan con el incremento aproximado de un 39% de las remuneraciones (equivalente a S\/10\u2019000,000 de soles al a\u00f1o).<\/span><\/p>\n<p><span style=\"color: #000000;\">Asimismo, el comunicado del Inabif se\u00f1ala que se logr\u00f3 otorgar una bonificaci\u00f3n extraordinaria a los\/as trabajadores\/as del R\u00e9gimen Laboral 276.<\/span><\/p>\n<p><span style=\"color: #000000;\">\u201cTenemos la firme convicci\u00f3n de seguir mejorando las condiciones laborales de nuestros\/as trabajadores\/as en el marco del estricto cumplimiento de la normatividad vigente. Por ello, estamos en pleno proceso de tr\u00e1nsito al nuevo r\u00e9gimen del Servicio Civil, a fin de mejorar las condiciones remunerativas de acuerdo a los perfiles\u201d, se\u00f1ala el documento.<\/span><\/p>\n<p><span style=\"color: #000000;\">La nota tambi\u00e9n responde a las graves denuncias de desabastecimiento de alimentos en los Centros de Acogida Residencial que el Inabif administra a escala nacional.<\/span><\/p>\n<p><span style=\"color: #000000;\">Al respecto, se indic\u00f3 que sus servicios cuentan con todos los recursos necesarios para brindar una atenci\u00f3n de calidad a sus usuarios, entre ni\u00f1as, ni\u00f1os, adolescentes, personas con discapacidad, personas adultas y familias en situaci\u00f3n vulnerable y riesgo social.<\/span><\/p>\n<p><span style=\"color: #000000;\">\u201cNegamos rotundamente que los servicios est\u00e9n desabastecidos, tal como se ha desinformado p\u00fablicamente, afectando la confianza y credibilidad que deben merecer nuestra instituci\u00f3n y los servicios que presta\u201d, concluye el comunicado.<\/span><\/p>\n<p><span style=\"color: #000000;\">Finalmente, la instituci\u00f3n invoc\u00f3 al sindicato de trabajadores recurrir a los frecuentes canales oficiales de comunicaci\u00f3n directa, ya que la pol\u00edtica del Inabif se caracteriza por el di\u00e1logo abierto, franco y permanente con todos\/as sus colaboradores\/as.<\/span><\/p>\n","protected":false},"excerpt":{"rendered":"<p>El Inabif rechaz\u00f3 las acusaciones que su sindicato de trabajadores hizo ayer en un plant\u00f3n en relaci\u00f3n a supuestos actos de discriminaci\u00f3n salarial. Lima, 17 Octubre 2019, (ANDINA).- El Programa Integral Nacional para el Bienestar Familiar (Inabif) rechaz\u00f3 las acusaciones que su sindicato de trabajadores hizo ayer en un plant\u00f3n frente al Ministerio de la [&hellip;]<\/p>\n","protected":false},"author":1,"featured_media":58796,"comment_status":"open","ping_status":"open","sticky":false,"template":"","format":"standard","meta":{"rop_custom_images_group":[],"rop_custom_messages_group":[],"rop_publish_now":"initial","rop_publish_now_accounts":[],"rop_publish_now_history":[],"rop_publish_now_status":"pending","footnotes":""},"categories":[10],"tags":[4717,312],"class_list":["post-58795","post","type-post","status-publish","format-standard","has-post-thumbnail","hentry","category-actualidad-municipal","tag-inabif","tag-ministerio-de-la-mujer"],"_links":{"self":[{"href":"https:\/\/elinformanteperu.com\/index.php\/wp-json\/wp\/v2\/posts\/58795","targetHints":{"allow":["GET"]}}],"collection":[{"href":"https:\/\/elinformanteperu.com\/index.php\/wp-json\/wp\/v2\/posts"}],"about":[{"href":"https:\/\/elinformanteperu.com\/index.php\/wp-json\/wp\/v2\/types\/post"}],"author":[{"embeddable":true,"href":"https:\/\/elinformanteperu.com\/index.php\/wp-json\/wp\/v2\/users\/1"}],"replies":[{"embeddable":true,"href":"https:\/\/elinformanteperu.com\/index.php\/wp-json\/wp\/v2\/comments?post=58795"}],"version-history":[{"count":1,"href":"https:\/\/elinformanteperu.com\/index.php\/wp-json\/wp\/v2\/posts\/58795\/revisions"}],"predecessor-version":[{"id":58797,"href":"https:\/\/elinformanteperu.com\/index.php\/wp-json\/wp\/v2\/posts\/58795\/revisions\/58797"}],"wp:featuredmedia":[{"embeddable":true,"href":"https:\/\/elinformanteperu.com\/index.php\/wp-json\/wp\/v2\/media\/58796"}],"wp:attachment":[{"href":"https:\/\/elinformanteperu.com\/index.php\/wp-json\/wp\/v2\/media?parent=58795"}],"wp:term":[{"taxonomy":"category","embeddable":true,"href":"https:\/\/elinformanteperu.com\/index.php\/wp-json\/wp\/v2\/categories?post=58795"},{"taxonomy":"post_tag","embeddable":true,"href":"https:\/\/elinformanteperu.com\/index.php\/wp-json\/wp\/v2\/tags?post=58795"}],"curies":[{"name":"wp","href":"https:\/\/api.w.org\/{rel}","templated":true}]}}