{"id":57657,"date":"2019-09-26T00:08:28","date_gmt":"2019-09-26T05:08:28","guid":{"rendered":"http:\/\/elinformanteperu.com\/?p=57657"},"modified":"2019-09-26T00:33:46","modified_gmt":"2019-09-26T05:33:46","slug":"fiscalia-pide-impedimento-de-salida-del-pais-para-nadine-heredia-y-otras-26-personas","status":"publish","type":"post","link":"https:\/\/elinformanteperu.com\/index.php\/2019\/09\/26\/fiscalia-pide-impedimento-de-salida-del-pais-para-nadine-heredia-y-otras-26-personas\/","title":{"rendered":"Fiscal\u00eda pide impedimento de salida del pa\u00eds para Nadine Heredia y otras 26 personas"},"content":{"rendered":"<p><strong><span style=\"color: #000000;\">El Ministerio P\u00fablico solicit\u00f3 al Poder Judicial que se dicte el impedimento de salida del pa\u00eds para la ex primera dama Nadine Heredia Alarc\u00f3n y otras 26 personas.<\/span><\/strong><\/p>\n<p><span style=\"color: #000000;\"><strong>Lima, 25 Septiembre 2019, (ANDINA).-<\/strong> El Ministerio P\u00fablico solicit\u00f3 al Poder Judicial que se dicte el impedimento de salida del pa\u00eds para la ex primera dama Nadine Heredia Alarc\u00f3n y otras 26 personas en la investigaci\u00f3n que se les sigue por el presunto delito de colusi\u00f3n y otros en agravio del Estado.<\/span><\/p>\n<p><span style=\"color: #000000;\">El Segundo Despacho del Equipo Especial de la Fiscal\u00eda Supraprovincial Corporativa Especializada en Delitos de Corrupci\u00f3n de Funcionarios pidi\u00f3 esta medida contra la esposa del expresidente Ollanta Humala y exministros como Ren\u00e9 Cornejo y Carlos Paredes.<\/span><\/p>\n<p><span style=\"color: #000000;\">En sus redes sociales, Jefferson Moreno, abogado de la ex primera dama, lament\u00f3 haberse enterado por los medios de comunicaci\u00f3n que debe \u201cconcurrir el pr\u00f3ximo martes a la audiencia de impedimento de salida del pa\u00eds en defensa de Nadine Heredia\u201d.<\/span><\/p>\n<p><strong><span style=\"color: #000000;\">Restricciones<\/span><\/strong><\/p>\n<p><span style=\"color: #000000;\">\u201c\u00bfCu\u00e1l es el sentido de solicitar impedimento de salida si ya tengo similares restricciones en caso de aportes de campa\u00f1a?\u201d se pregunt\u00f3 en su cuenta de twitter la esposa de Humala.<\/span><\/p>\n<p><span style=\"color: #000000;\">Heredia dijo que la est\u00e1n colocando en una lista de 27 personas, entre exfuncionarios p\u00fablicos y privados que participaron en el proyecto Gasoducto \u201cy yo no soy ni uno, ni lo otro\u201d.<\/span><\/p>\n<p><span style=\"color: #000000;\">\u201cLos medios solo leen mi nombre, a pesar de nunca haber participado en ese proceso, como ha sido aclarado por todos los testigos\u201d, expres\u00f3.<\/span><\/p>\n<p><span style=\"color: #000000;\">La \u201c\u00bfFiscal\u00eda necesita esto para presionar a Odebrecht a reconocer corrupci\u00f3n que ya neg\u00f3? \u00bfQu\u00e9 har\u00e1n con el Poder Judicial que ha dicho que todo fue correcto?\u201d, se volvi\u00f3 a preguntar.<\/span><\/p>\n<p><strong><span style=\"color: #000000;\">Sin reconocimiento<\/span><\/strong><\/p>\n<p><span style=\"color: #000000;\">Humala, tambi\u00e9n mediante su cuenta de twitter, sostuvo que la empresa brasile\u00f1a Odebrecht no reconoce actos de corrupci\u00f3n sobre Gasoducto Sur Peruano y por eso no forma parte de acuerdo de colaboraci\u00f3n.<\/span><\/p>\n<p><span style=\"color: #000000;\">\u201cEl Poder Judicial resolvi\u00f3 que el concurso fue correcto y no tenemos relaci\u00f3n con ning\u00fan codinome [nombre clave]\u201d.<\/span><\/p>\n<p><span style=\"color: #000000;\">El exgobernante manifest\u00f3 que \u201cpasamos por un allanamiento, cuyo resultado fue p\u00fablico\u201d.<\/span><\/p>\n<p><span style=\"color: #000000;\">\u201cAhora \u00bfFiscal pide impedimento de salida para Nadine? \u00bfCon qu\u00e9 elementos? \u00bfCon aspirantes a colaboradores que no corroboran sus dichos, y que muchas veces son colaboraciones a la carta?\u201d se lee en su tuit.<\/span><\/p>\n","protected":false},"excerpt":{"rendered":"<p>El Ministerio P\u00fablico solicit\u00f3 al Poder Judicial que se dicte el impedimento de salida del pa\u00eds para la ex primera dama Nadine Heredia Alarc\u00f3n y otras 26 personas. Lima, 25 Septiembre 2019, (ANDINA).- El Ministerio P\u00fablico solicit\u00f3 al Poder Judicial que se dicte el impedimento de salida del pa\u00eds para la ex primera dama Nadine [&hellip;]<\/p>\n","protected":false},"author":1,"featured_media":9368,"comment_status":"open","ping_status":"open","sticky":false,"template":"","format":"standard","meta":{"rop_custom_images_group":[],"rop_custom_messages_group":[],"rop_publish_now":"initial","rop_publish_now_accounts":[],"rop_publish_now_history":[],"rop_publish_now_status":"pending","footnotes":""},"categories":[5],"tags":[430,291,403,163],"class_list":["post-57657","post","type-post","status-publish","format-standard","has-post-thumbnail","hentry","category-actualidad-informativa","tag-fiscalia","tag-nadine-heredia","tag-ollanta-humala","tag-poder-judicial"],"_links":{"self":[{"href":"https:\/\/elinformanteperu.com\/index.php\/wp-json\/wp\/v2\/posts\/57657","targetHints":{"allow":["GET"]}}],"collection":[{"href":"https:\/\/elinformanteperu.com\/index.php\/wp-json\/wp\/v2\/posts"}],"about":[{"href":"https:\/\/elinformanteperu.com\/index.php\/wp-json\/wp\/v2\/types\/post"}],"author":[{"embeddable":true,"href":"https:\/\/elinformanteperu.com\/index.php\/wp-json\/wp\/v2\/users\/1"}],"replies":[{"embeddable":true,"href":"https:\/\/elinformanteperu.com\/index.php\/wp-json\/wp\/v2\/comments?post=57657"}],"version-history":[{"count":1,"href":"https:\/\/elinformanteperu.com\/index.php\/wp-json\/wp\/v2\/posts\/57657\/revisions"}],"predecessor-version":[{"id":57658,"href":"https:\/\/elinformanteperu.com\/index.php\/wp-json\/wp\/v2\/posts\/57657\/revisions\/57658"}],"wp:featuredmedia":[{"embeddable":true,"href":"https:\/\/elinformanteperu.com\/index.php\/wp-json\/wp\/v2\/media\/9368"}],"wp:attachment":[{"href":"https:\/\/elinformanteperu.com\/index.php\/wp-json\/wp\/v2\/media?parent=57657"}],"wp:term":[{"taxonomy":"category","embeddable":true,"href":"https:\/\/elinformanteperu.com\/index.php\/wp-json\/wp\/v2\/categories?post=57657"},{"taxonomy":"post_tag","embeddable":true,"href":"https:\/\/elinformanteperu.com\/index.php\/wp-json\/wp\/v2\/tags?post=57657"}],"curies":[{"name":"wp","href":"https:\/\/api.w.org\/{rel}","templated":true}]}}