{"id":57627,"date":"2019-09-25T23:37:37","date_gmt":"2019-09-26T04:37:37","guid":{"rendered":"http:\/\/elinformanteperu.com\/?p=57627"},"modified":"2019-09-26T00:36:25","modified_gmt":"2019-09-26T05:36:25","slug":"mininter-a-venezolanos-con-antecedentes-mejor-vayanse-porque-seran-expulsados","status":"publish","type":"post","link":"https:\/\/elinformanteperu.com\/index.php\/2019\/09\/25\/mininter-a-venezolanos-con-antecedentes-mejor-vayanse-porque-seran-expulsados\/","title":{"rendered":"Mininter a venezolanos con antecedentes: \u00abMejor v\u00e1yanse porque ser\u00e1n expulsados\u00bb"},"content":{"rendered":"<p><strong><span style=\"color: #000000;\">El ministro del Interior inst\u00f3 a los venezolanos con antecedentes penales, a abandonar el pa\u00eds porque las autoridades peruanas los van a detener y expulsar.<\/span><\/strong><\/p>\n<p><span style=\"color: #000000;\"><strong>Lima, 25 Septiembre 2019, (ANDINA).-<\/strong> El ministro del Interior, Carlos Mor\u00e1n, inst\u00f3 a los venezolanos con antecedentes penales que hayan ingresado al Per\u00fa de manera irregular, a abandonar el pa\u00eds porque las autoridades peruanas los van a detener y expulsar.<\/span><\/p>\n<p><span style=\"color: #000000;\">En el Grupo A\u00e9reo 8 de la FAP, desde donde hoy se expuls\u00f3 a 36 varones y 9 mujeres venezolanas, Mor\u00e1n dijo que a la fecha se han devuelto a Venezuela a 890 de estos ciudadanos extranjeros por haber ingresado al Per\u00fa falseando informaci\u00f3n.<\/span><\/p>\n<p><span style=\"color: #000000;\">A\u00f1adi\u00f3 que estas personas que llegaron al Per\u00fa de manera irregular y que han sido expulsados no podr\u00e1n ingresar a territorio peruano durante los pr\u00f3ximos 15 a\u00f1os.<\/span><\/p>\n<p><span style=\"color: #000000;\">Inform\u00f3 asimismo que, a la fecha, existe un total de 334 venezolanos que est\u00e1n encerrados en las c\u00e1rceles peruanas, mientras son procesados por una serie de delitos.<\/span><\/p>\n<p><span style=\"color: #000000;\">Tras detallar que 24 de ellos registran antecedentes policiales por robo, hurto y violaci\u00f3n, Mor\u00e1n asever\u00f3 que las autoridades peruanas van a endurecer su pol\u00edtica migratoria.<\/span><\/p>\n<p><span style=\"color: #000000;\">Dijo, igualmente, que la Polic\u00eda detendr\u00e1 y expulsar\u00e1 a los venezolanos que tienen una conducta inadecuada y generan desorden social.<\/span><\/p>\n<p><span style=\"color: #000000;\">En esta quinta expulsi\u00f3n de venezolanos participaron, adem\u00e1s, el comandante general de la PNP, general Jos\u00e9 Lavalle; el titular de la Direcci\u00f3n de Investigaci\u00f3n Criminal (Dirnic), general PNP Neyre Rodr\u00edguez; y funcionarios de la Superintendencia Nacional de Migraciones.<\/span><\/p>\n<p><iframe title=\"Expulsan a cerca de 50 venezolanos por violar normas migratorias en el pa\u00eds\" width=\"615\" height=\"346\" src=\"https:\/\/www.youtube.com\/embed\/m5jbs7nf3DA?feature=oembed\" frameborder=\"0\" allow=\"accelerometer; autoplay; clipboard-write; encrypted-media; gyroscope; picture-in-picture; web-share\" referrerpolicy=\"strict-origin-when-cross-origin\" allowfullscreen><\/iframe><\/p>\n","protected":false},"excerpt":{"rendered":"<p>El ministro del Interior inst\u00f3 a los venezolanos con antecedentes penales, a abandonar el pa\u00eds porque las autoridades peruanas los van a detener y expulsar. Lima, 25 Septiembre 2019, (ANDINA).- El ministro del Interior, Carlos Mor\u00e1n, inst\u00f3 a los venezolanos con antecedentes penales que hayan ingresado al Per\u00fa de manera irregular, a abandonar el pa\u00eds [&hellip;]<\/p>\n","protected":false},"author":1,"featured_media":57628,"comment_status":"open","ping_status":"open","sticky":false,"template":"","format":"standard","meta":{"rop_custom_images_group":[],"rop_custom_messages_group":[],"rop_publish_now":"initial","rop_publish_now_accounts":[],"rop_publish_now_history":[],"rop_publish_now_status":"pending","footnotes":""},"categories":[10],"tags":[3684,401,280,3798],"class_list":["post-57627","post","type-post","status-publish","format-standard","has-post-thumbnail","hentry","category-actualidad-municipal","tag-carlos-moran","tag-mininter","tag-ministerio-del-interior","tag-venezolanos-en-el-peru"],"_links":{"self":[{"href":"https:\/\/elinformanteperu.com\/index.php\/wp-json\/wp\/v2\/posts\/57627","targetHints":{"allow":["GET"]}}],"collection":[{"href":"https:\/\/elinformanteperu.com\/index.php\/wp-json\/wp\/v2\/posts"}],"about":[{"href":"https:\/\/elinformanteperu.com\/index.php\/wp-json\/wp\/v2\/types\/post"}],"author":[{"embeddable":true,"href":"https:\/\/elinformanteperu.com\/index.php\/wp-json\/wp\/v2\/users\/1"}],"replies":[{"embeddable":true,"href":"https:\/\/elinformanteperu.com\/index.php\/wp-json\/wp\/v2\/comments?post=57627"}],"version-history":[{"count":2,"href":"https:\/\/elinformanteperu.com\/index.php\/wp-json\/wp\/v2\/posts\/57627\/revisions"}],"predecessor-version":[{"id":57661,"href":"https:\/\/elinformanteperu.com\/index.php\/wp-json\/wp\/v2\/posts\/57627\/revisions\/57661"}],"wp:featuredmedia":[{"embeddable":true,"href":"https:\/\/elinformanteperu.com\/index.php\/wp-json\/wp\/v2\/media\/57628"}],"wp:attachment":[{"href":"https:\/\/elinformanteperu.com\/index.php\/wp-json\/wp\/v2\/media?parent=57627"}],"wp:term":[{"taxonomy":"category","embeddable":true,"href":"https:\/\/elinformanteperu.com\/index.php\/wp-json\/wp\/v2\/categories?post=57627"},{"taxonomy":"post_tag","embeddable":true,"href":"https:\/\/elinformanteperu.com\/index.php\/wp-json\/wp\/v2\/tags?post=57627"}],"curies":[{"name":"wp","href":"https:\/\/api.w.org\/{rel}","templated":true}]}}