{"id":5738,"date":"2017-02-06T21:14:15","date_gmt":"2017-02-07T02:14:15","guid":{"rendered":"http:\/\/elinformanteperu.com\/?p=5738"},"modified":"2017-02-06T21:15:26","modified_gmt":"2017-02-07T02:15:26","slug":"la-pantoja-envia-saludos-a-los-peruanos","status":"publish","type":"post","link":"https:\/\/elinformanteperu.com\/index.php\/2017\/02\/06\/la-pantoja-envia-saludos-a-los-peruanos\/","title":{"rendered":"La Pantoja env\u00eda saludos a los peruanos"},"content":{"rendered":"<p><strong>La tonadillera m\u00e1s famosa de Espa\u00f1a Isabel Pantoja reapareci\u00f3 en la TV espa\u00f1ola y se dio tiempo para confirmar que llegar\u00e1 al Per\u00fa en menos de dos semanas.<\/strong><\/p>\n<p><strong>Lima, 06 Febrero 2017, (ANDINA).-<\/strong> La tonadillera m\u00e1s famosa de Espa\u00f1a Isabel Pantoja reapareci\u00f3 en la TV espa\u00f1ola y se dio tiempo para confirmar que llegar\u00e1 al Per\u00fa en menos de dos semanas.<\/p>\n<p>\u201cHola amigos de mi Per\u00fa, de mi Per\u00fa del alma; que tanto quiero. Quiero que sepan, si no lo saben, que el d\u00ed uno de marzo estar\u00e9 con ustedes\u00bb, inform\u00f3.<\/p>\n<p>Como bien lo menciona la propia Isabel en su video; este reencuentro ser\u00e1 un motivo para presentar el disco que la ha devuelto al mundo del arte luego de cumplir condena en Espa\u00f1a.<\/p>\n<p>Isabel nos trae su \u00faltimo disco \u201cHasta que se apague el sol\u201d, el cual fue escrito, compuesto y realizado por su amigo del alma, el recordado \u201cDivo de Ju\u00e1rez\u201d, Juan Gabriel.<\/p>\n<p>Cabe recalcar que Isabel Pantoja contar\u00e1 con una orquesta sinf\u00f3nica compuesta por 83 m\u00fasicos y un cuadro flamenco en escena.<\/p>\n<p>La cita ser\u00e1 este primero de marzo en el Jockey Club.<\/p>\n<p>Las entradas ya est\u00e1n disponibles en Teleticket de Wong y Metro.<\/p>\n<p><iframe src=\"https:\/\/www.youtube-nocookie.com\/embed\/n1lbMZtINyI?rel=0&amp;controls=0&amp;showinfo=0\" width=\"560\" height=\"315\" frameborder=\"0\" allowfullscreen=\"allowfullscreen\"><\/iframe><\/p>\n","protected":false},"excerpt":{"rendered":"<p>La tonadillera m\u00e1s famosa de Espa\u00f1a Isabel Pantoja reapareci\u00f3 en la TV espa\u00f1ola y se dio tiempo para confirmar que llegar\u00e1 al Per\u00fa en menos de dos semanas. Lima, 06 Febrero 2017, (ANDINA).- La tonadillera m\u00e1s famosa de Espa\u00f1a Isabel Pantoja reapareci\u00f3 en la TV espa\u00f1ola y se dio tiempo para confirmar que llegar\u00e1 al [&hellip;]<\/p>\n","protected":false},"author":1,"featured_media":5739,"comment_status":"open","ping_status":"open","sticky":false,"template":"","format":"standard","meta":{"rop_custom_images_group":[],"rop_custom_messages_group":[],"rop_publish_now":"initial","rop_publish_now_accounts":[],"rop_publish_now_history":[],"rop_publish_now_status":"pending","footnotes":""},"categories":[69],"tags":[99],"class_list":["post-5738","post","type-post","status-publish","format-standard","has-post-thumbnail","hentry","category-musica","tag-isabel-pantoja"],"_links":{"self":[{"href":"https:\/\/elinformanteperu.com\/index.php\/wp-json\/wp\/v2\/posts\/5738","targetHints":{"allow":["GET"]}}],"collection":[{"href":"https:\/\/elinformanteperu.com\/index.php\/wp-json\/wp\/v2\/posts"}],"about":[{"href":"https:\/\/elinformanteperu.com\/index.php\/wp-json\/wp\/v2\/types\/post"}],"author":[{"embeddable":true,"href":"https:\/\/elinformanteperu.com\/index.php\/wp-json\/wp\/v2\/users\/1"}],"replies":[{"embeddable":true,"href":"https:\/\/elinformanteperu.com\/index.php\/wp-json\/wp\/v2\/comments?post=5738"}],"version-history":[{"count":2,"href":"https:\/\/elinformanteperu.com\/index.php\/wp-json\/wp\/v2\/posts\/5738\/revisions"}],"predecessor-version":[{"id":5741,"href":"https:\/\/elinformanteperu.com\/index.php\/wp-json\/wp\/v2\/posts\/5738\/revisions\/5741"}],"wp:featuredmedia":[{"embeddable":true,"href":"https:\/\/elinformanteperu.com\/index.php\/wp-json\/wp\/v2\/media\/5739"}],"wp:attachment":[{"href":"https:\/\/elinformanteperu.com\/index.php\/wp-json\/wp\/v2\/media?parent=5738"}],"wp:term":[{"taxonomy":"category","embeddable":true,"href":"https:\/\/elinformanteperu.com\/index.php\/wp-json\/wp\/v2\/categories?post=5738"},{"taxonomy":"post_tag","embeddable":true,"href":"https:\/\/elinformanteperu.com\/index.php\/wp-json\/wp\/v2\/tags?post=5738"}],"curies":[{"name":"wp","href":"https:\/\/api.w.org\/{rel}","templated":true}]}}