{"id":57156,"date":"2019-09-18T23:09:57","date_gmt":"2019-09-19T04:09:57","guid":{"rendered":"http:\/\/elinformanteperu.com\/?p=57156"},"modified":"2019-09-19T00:01:24","modified_gmt":"2019-09-19T05:01:24","slug":"fuerza-popular-afirma-que-interrogatorio-a-montesinos-muestra-persecucion-politica","status":"publish","type":"post","link":"https:\/\/elinformanteperu.com\/index.php\/2019\/09\/18\/fuerza-popular-afirma-que-interrogatorio-a-montesinos-muestra-persecucion-politica\/","title":{"rendered":"Fuerza Popular afirma que interrogatorio a Montesinos muestra persecuci\u00f3n pol\u00edtica"},"content":{"rendered":"<p><strong><span style=\"color: #000000;\">La bancada Fuerza Popular considera que la decisi\u00f3n de la fiscal\u00eda de interrogar a Vladimiro Montesinos muestra que se est\u00e1 alcanzado niveles de persecuci\u00f3n pol\u00edtica extrema.<\/span><\/strong><\/p>\n<p><span style=\"color: #000000;\"><strong>Lima, 18 Septiembre 2019, (ANDINA).-<\/strong> La bancada Fuerza Popular considera que la decisi\u00f3n de la fiscal\u00eda de interrogar al exasesor presidencial Vladimiro Montesinos Torres muestra que se est\u00e1 alcanzado niveles de persecuci\u00f3n pol\u00edtica extrema en las investigaciones.<\/span><\/p>\n<p><span style=\"color: #000000;\">En un pronunciamiento le\u00eddo por la vocera, Milagros Salazar, la bancada recuerda que Vladimiro Montesinos es un personaje con el que Keiko Fujimori \u201cmantuvo distancia y enemistad\u201d.<\/span><\/p>\n<p><span style=\"color: #000000;\">\u201cEl fiscal, sin fundamento alguno, pretende vincular al encarcelado exasesor con la organizaci\u00f3n pol\u00edtica, dentro de su estrategia de persecuci\u00f3n al partido y de generar presi\u00f3n hacia los magistrados\u201d, indica el pronunciamiento.<\/span><\/p>\n<p><span style=\"color: #000000;\">El grupo parlamentario llam\u00f3 la atenci\u00f3n sobre la programaci\u00f3n de esta diligencia fiscal, el 24 de setiembre, un d\u00eda antes de la audiencia que desarrollar\u00e1 el Tribunal Constitucional (TC) para ver el h\u00e1beas corpus en favor de la libertad de Keiko Fujimori.<\/span><\/p>\n<p><span style=\"color: #000000;\">Consideran tambi\u00e9n que los alcances del acuerdo del pleno jurisdiccional supremo penal sobre la prisi\u00f3n preventiva muestra que su prisi\u00f3n preventiva de su lideresa \u201cresulta arbitraria y contraria a los criterios razonables de justicia\u201d.<\/span><\/p>\n<p><span style=\"color: #000000;\">Por ello, piden que sea tomado en cuenta en la decisi\u00f3n que tomar\u00e1 el TC sobre el habeas corpus presentado por Sachi Fujimori, hermana de la lideresa de Fuerza Popular.<\/span><\/p>\n<p><iframe title=\"Bancada Fuerza Popular acusa de &quot;persecuci\u00f3n pol\u00edtica&quot; a Fiscal\u00eda\" width=\"615\" height=\"346\" src=\"https:\/\/www.youtube.com\/embed\/XcVCY69kLoo?feature=oembed\" frameborder=\"0\" allow=\"accelerometer; autoplay; clipboard-write; encrypted-media; gyroscope; picture-in-picture; web-share\" referrerpolicy=\"strict-origin-when-cross-origin\" allowfullscreen><\/iframe><\/p>\n","protected":false},"excerpt":{"rendered":"<p>La bancada Fuerza Popular considera que la decisi\u00f3n de la fiscal\u00eda de interrogar a Vladimiro Montesinos muestra que se est\u00e1 alcanzado niveles de persecuci\u00f3n pol\u00edtica extrema. Lima, 18 Septiembre 2019, (ANDINA).- La bancada Fuerza Popular considera que la decisi\u00f3n de la fiscal\u00eda de interrogar al exasesor presidencial Vladimiro Montesinos Torres muestra que se est\u00e1 alcanzado [&hellip;]<\/p>\n","protected":false},"author":1,"featured_media":57157,"comment_status":"open","ping_status":"open","sticky":false,"template":"","format":"standard","meta":{"rop_custom_images_group":[],"rop_custom_messages_group":[],"rop_publish_now":"initial","rop_publish_now_accounts":[],"rop_publish_now_history":[],"rop_publish_now_status":"pending","footnotes":""},"categories":[5],"tags":[430,295,705],"class_list":["post-57156","post","type-post","status-publish","format-standard","has-post-thumbnail","hentry","category-actualidad-informativa","tag-fiscalia","tag-fuerza-popular","tag-vladimiro-montesinos"],"_links":{"self":[{"href":"https:\/\/elinformanteperu.com\/index.php\/wp-json\/wp\/v2\/posts\/57156","targetHints":{"allow":["GET"]}}],"collection":[{"href":"https:\/\/elinformanteperu.com\/index.php\/wp-json\/wp\/v2\/posts"}],"about":[{"href":"https:\/\/elinformanteperu.com\/index.php\/wp-json\/wp\/v2\/types\/post"}],"author":[{"embeddable":true,"href":"https:\/\/elinformanteperu.com\/index.php\/wp-json\/wp\/v2\/users\/1"}],"replies":[{"embeddable":true,"href":"https:\/\/elinformanteperu.com\/index.php\/wp-json\/wp\/v2\/comments?post=57156"}],"version-history":[{"count":2,"href":"https:\/\/elinformanteperu.com\/index.php\/wp-json\/wp\/v2\/posts\/57156\/revisions"}],"predecessor-version":[{"id":57171,"href":"https:\/\/elinformanteperu.com\/index.php\/wp-json\/wp\/v2\/posts\/57156\/revisions\/57171"}],"wp:featuredmedia":[{"embeddable":true,"href":"https:\/\/elinformanteperu.com\/index.php\/wp-json\/wp\/v2\/media\/57157"}],"wp:attachment":[{"href":"https:\/\/elinformanteperu.com\/index.php\/wp-json\/wp\/v2\/media?parent=57156"}],"wp:term":[{"taxonomy":"category","embeddable":true,"href":"https:\/\/elinformanteperu.com\/index.php\/wp-json\/wp\/v2\/categories?post=57156"},{"taxonomy":"post_tag","embeddable":true,"href":"https:\/\/elinformanteperu.com\/index.php\/wp-json\/wp\/v2\/tags?post=57156"}],"curies":[{"name":"wp","href":"https:\/\/api.w.org\/{rel}","templated":true}]}}