{"id":57136,"date":"2019-09-18T22:49:21","date_gmt":"2019-09-19T03:49:21","guid":{"rendered":"http:\/\/elinformanteperu.com\/?p=57136"},"modified":"2019-09-18T22:49:21","modified_gmt":"2019-09-19T03:49:21","slug":"minam-70-de-residuos-que-generamos-pueden-convertirse-en-nuevos-productos","status":"publish","type":"post","link":"https:\/\/elinformanteperu.com\/index.php\/2019\/09\/18\/minam-70-de-residuos-que-generamos-pueden-convertirse-en-nuevos-productos\/","title":{"rendered":"Minam: 70% de residuos que generamos pueden convertirse en nuevos productos"},"content":{"rendered":"<p><strong><span style=\"color: #000000;\">La ministra del Ambiente, Luc\u00eda Ru\u00edz, y el alcalde de Bre\u00f1a, Jos\u00e9 Li Bravo, presentaron el modelo de gesti\u00f3n municipal en residuos s\u00f3lidos, liderado por este municipio.\u00a0<\/span><\/strong><\/p>\n<p><span style=\"color: #000000;\"><strong>Lima, 18 Septiembre 2019, (ANDINA).-<\/strong> La ministra del Ambiente, Luc\u00eda Ru\u00edz, y el alcalde de Bre\u00f1a, Jos\u00e9 Li Bravo, presentaron el modelo de gesti\u00f3n municipal en residuos s\u00f3lidos, liderado por este municipio. Este trabajo forma parte de la estrategia multisectorial y descentralizada Per\u00fa Limpio, que incluye los mi\u00e9rcoles de reciclaje, entre otras acciones.<\/span><\/p>\n<p><span style=\"color: #000000;\">Ambas autoridades explicaron c\u00f3mo preparar compost casero con los residuos org\u00e1nicos, as\u00ed como las acciones emprendidas con los recicladores formalizados para el caso de los residuos inorg\u00e1nicos.<\/span><\/p>\n<p><span style=\"color: #000000;\">\u201cEl objetivo es que llegue la menor cantidad de residuos a los rellenos y m\u00e1s bien casi la mayor\u00eda de los mismos sean reutilizados y se inserte nuevamente al ciclo econ\u00f3mico\u201d, refiri\u00f3 Ru\u00edz Ostoic.<\/span><\/p>\n<p><span style=\"color: #000000;\">La titular del sector destac\u00f3 este tipo de iniciativas e hizo un llamado a los dem\u00e1s municipios a que se sumen a estas acciones de buenas pr\u00e1cticas ambientales.<\/span><\/p>\n<p><span style=\"color: #000000;\">\u201cLos municipios tienen que trabajar de la mano con los mercados, los colegios, la ciudadan\u00eda y las recicladoras y recicladores, que son los h\u00e9roes invisibles. Al reducir la cantidad de residuos que se recolectan se genera un ahorro y esos recursos pueden ser destinados para otras actividades\u201d, coment\u00f3.<\/span><\/p>\n<p><span style=\"color: #000000;\">Durante el recorrido por el Vivero Municipal, se mostr\u00f3 el trabajo que viene realizando la referida comuna a trav\u00e9s de su planta de valorizaci\u00f3n de residuos s\u00f3lidos org\u00e1nicos que permite la producci\u00f3n de compostaje, el cual es empleado para el mantenimiento de las \u00e1reas verdes del distrito.<\/span><\/p>\n<p><span style=\"color: #000000;\">Desde su inauguraci\u00f3n en mayo de este a\u00f1o hasta la fecha, se han recolectado 24 toneladas de residuos s\u00f3lidos org\u00e1nicos, provenientes principalmente de los mercados de la zona.<\/span><\/p>\n<p><span style=\"color: #000000;\">Ru\u00edz Ostoic sostuvo que se est\u00e1 trabajando de manera conjunta y articulada con los municipios a nivel nacional a fin de mejorar el manejo de los residuos s\u00f3lidos, y que los mismos puedan ser reutilizados como insumo o materia prima para la producci\u00f3n de otro bien.<\/span><\/p>\n<p><span style=\"color: #000000;\">\u00bfSabes a d\u00f3nde van los residuos que separas? \u00bfConoces la diferencia entre residuos aprovechables y no aprovechables? \u00bfQu\u00e9 es el compostaje?<\/span><\/p>\n<p><span style=\"color: #000000;\">El objetivo de la estrategia multisectorial y descentralizada Per\u00fa Limpio busca responder esta y otras preguntas relacionadas a mejorar nuestra cultura ambiental y promover buenas pr\u00e1cticas en el manejo de residuos s\u00f3lidos entre la ciudadan\u00eda a partir de acciones concretas.<\/span><\/p>\n<p><span style=\"color: #000000;\">Entre las principales cifras sobre el tema, resaltan que cerca del 70% de los residuos que generamos pueden tener una nueva vida y convertirse en nuevos productos. De ellos, el 54% son org\u00e1nicos y pueden ser utilizados para el compostaje.<\/span><\/p>\n<p><span style=\"color: #000000;\">El compostaje o \u201ccomposting\u201d es el proceso biol\u00f3gico, mediante el cual los microorganismos act\u00faan sobre la materia r\u00e1pidamente biodegradable (restos de alimentos, restos de verduras y residuos de poda, entre otros) permitiendo obtener este insumo que permitir\u00e1 mejorar la calidad de suelo.<\/span><\/p>\n<p><strong><span style=\"color: #000000;\">Residuos aprovechables y no aprovechables<\/span><\/strong><\/p>\n<p><span style=\"color: #000000;\">Cabe destacar que los residuos aprovechables forman parte de un 22% entre los que podemos dividir el papel, cart\u00f3n, vidrio, pl\u00e1stico, tetrabrik, latas y metales.<\/span><\/p>\n<p><span style=\"color: #000000;\">Estos residuos son canalizados por recicladores formalizados y camiones municipales que los destinan a centros de acopio para luego ser industrializados y convertidos en nuevos productos.<\/span><\/p>\n<p><span style=\"color: #000000;\">Por otro lado, el 19% representa los residuos no aprovechables como restos de comida (huesos y carne), papel higi\u00e9nico, pa\u00f1ales, pa\u00f1os h\u00famedos, colillas de cigarro, los pl\u00e1sticos de un solo uso y envolturas de golosinas, que son canalizados por los camiones municipales para luego ser destinados a rellenos sanitarios.<\/span><\/p>\n<p><span style=\"color: #000000;\">El 7% restante, constituyen los materiales peligrosos entre los que podemos encontrar a los aceites industriales usados, disolventes, pinturas, bater\u00edas, pilas, como los m\u00e1s conocidos.<\/span><\/p>\n","protected":false},"excerpt":{"rendered":"<p>La ministra del Ambiente, Luc\u00eda Ru\u00edz, y el alcalde de Bre\u00f1a, Jos\u00e9 Li Bravo, presentaron el modelo de gesti\u00f3n municipal en residuos s\u00f3lidos, liderado por este municipio.\u00a0 Lima, 18 Septiembre 2019, (ANDINA).- La ministra del Ambiente, Luc\u00eda Ru\u00edz, y el alcalde de Bre\u00f1a, Jos\u00e9 Li Bravo, presentaron el modelo de gesti\u00f3n municipal en residuos s\u00f3lidos, [&hellip;]<\/p>\n","protected":false},"author":1,"featured_media":57137,"comment_status":"open","ping_status":"open","sticky":false,"template":"","format":"standard","meta":{"rop_custom_images_group":[],"rop_custom_messages_group":[],"rop_publish_now":"initial","rop_publish_now_accounts":[],"rop_publish_now_history":[],"rop_publish_now_status":"pending","footnotes":""},"categories":[10],"tags":[3748,4867,4392,368,367,4868],"class_list":["post-57136","post","type-post","status-publish","format-standard","has-post-thumbnail","hentry","category-actualidad-municipal","tag-brena","tag-jose-li-bravo","tag-lucia-ruiz","tag-minam","tag-ministerio-del-ambiente","tag-municipalidad-de-brena"],"_links":{"self":[{"href":"https:\/\/elinformanteperu.com\/index.php\/wp-json\/wp\/v2\/posts\/57136","targetHints":{"allow":["GET"]}}],"collection":[{"href":"https:\/\/elinformanteperu.com\/index.php\/wp-json\/wp\/v2\/posts"}],"about":[{"href":"https:\/\/elinformanteperu.com\/index.php\/wp-json\/wp\/v2\/types\/post"}],"author":[{"embeddable":true,"href":"https:\/\/elinformanteperu.com\/index.php\/wp-json\/wp\/v2\/users\/1"}],"replies":[{"embeddable":true,"href":"https:\/\/elinformanteperu.com\/index.php\/wp-json\/wp\/v2\/comments?post=57136"}],"version-history":[{"count":1,"href":"https:\/\/elinformanteperu.com\/index.php\/wp-json\/wp\/v2\/posts\/57136\/revisions"}],"predecessor-version":[{"id":57138,"href":"https:\/\/elinformanteperu.com\/index.php\/wp-json\/wp\/v2\/posts\/57136\/revisions\/57138"}],"wp:featuredmedia":[{"embeddable":true,"href":"https:\/\/elinformanteperu.com\/index.php\/wp-json\/wp\/v2\/media\/57137"}],"wp:attachment":[{"href":"https:\/\/elinformanteperu.com\/index.php\/wp-json\/wp\/v2\/media?parent=57136"}],"wp:term":[{"taxonomy":"category","embeddable":true,"href":"https:\/\/elinformanteperu.com\/index.php\/wp-json\/wp\/v2\/categories?post=57136"},{"taxonomy":"post_tag","embeddable":true,"href":"https:\/\/elinformanteperu.com\/index.php\/wp-json\/wp\/v2\/tags?post=57136"}],"curies":[{"name":"wp","href":"https:\/\/api.w.org\/{rel}","templated":true}]}}