{"id":57133,"date":"2019-09-18T22:45:53","date_gmt":"2019-09-19T03:45:53","guid":{"rendered":"http:\/\/elinformanteperu.com\/?p=57133"},"modified":"2019-09-19T00:23:43","modified_gmt":"2019-09-19T05:23:43","slug":"san-marcos-termino-sin-acuerdo-reunion-entre-autoridades-y-estudiantes","status":"publish","type":"post","link":"https:\/\/elinformanteperu.com\/index.php\/2019\/09\/18\/san-marcos-termino-sin-acuerdo-reunion-entre-autoridades-y-estudiantes\/","title":{"rendered":"San Marcos: termin\u00f3 sin acuerdo reuni\u00f3n entre autoridades y estudiantes"},"content":{"rendered":"<p><strong><span style=\"color: #000000;\">Sin un acuerdo concreto culmin\u00f3 esta tarde la reuni\u00f3n entre las autoridades de la universidad San Marcos y estudiantes que lideran la toma de la ciudad universitaria.<\/span><\/strong><\/p>\n<p><span style=\"color: #000000;\"><strong>Lima, 18 Septiembre 2019, (ANDINA).-<\/strong> Sin un acuerdo concreto culmin\u00f3 esta tarde la reuni\u00f3n entre las autoridades de la universidad San Marcos y estudiantes que lideran la toma de la ciudad universitaria.<\/span><\/p>\n<p><span style=\"color: #000000;\">El encuentro, presidido por el rector Orestes Cachay, se desarroll\u00f3 en el Centro Cultural conocido como la \u00abCasona\u00bb y convoc\u00f3 a decanos, vicerrectores, docentes y otros miembros del Consejo Universitario.<\/span><\/p>\n<p><span style=\"color: #000000;\">Cachay Boza reiter\u00f3 su rechazo a los actos de violencia que impiden el desarrollo de las actividades acad\u00e9micas y administrativas y subray\u00f3 que las puertas al di\u00e1logo est\u00e1n permanentemente abiertas a los estudiantes.<\/span><\/p>\n<p><span style=\"color: #000000;\">Durante la sesi\u00f3n, las autoridades universitarias recalcaron la posici\u00f3n de la universidad respecto al bypass que se tiene planificado construir entre las avenidas Venezuela y Universitaria, as\u00ed como la construcci\u00f3n del paradero de la L\u00ednea 2 del Metro de Lima a la altura de la calle Am\u00e9zaga.<\/span><\/p>\n<p><span style=\"color: #000000;\">Tambi\u00e9n se les explic\u00f3 que su pedido del bachillerato autom\u00e1tico para alumnos que iniciaron sus estudios en los a\u00f1os 2016 y 2017 no puede ser atendido porque se estar\u00eda incumpliendo la Ley Universitaria. \u00abEso ser\u00eda ilegal y perjudicar\u00eda a los propios estudiantes cuando egresen\u00bb.<\/span><\/p>\n<p><span style=\"color: #000000;\">En tanto, las representantes de la Federaci\u00f3n de Estudiantes de San Marcos explicaron su pliego de reclamos y luego se retiraron de la sala indicando que la reuni\u00f3n no era fruct\u00edfera y que no hab\u00eda se\u00f1ales de alguna soluci\u00f3n.<\/span><\/p>\n<p><iframe title=\"Estudiantes de la UNMSM piden instalar una mesa de di\u00e1logo\" width=\"615\" height=\"346\" src=\"https:\/\/www.youtube.com\/embed\/sY4OZ9ZNDHM?feature=oembed\" frameborder=\"0\" allow=\"accelerometer; autoplay; clipboard-write; encrypted-media; gyroscope; picture-in-picture; web-share\" referrerpolicy=\"strict-origin-when-cross-origin\" allowfullscreen><\/iframe><\/p>\n","protected":false},"excerpt":{"rendered":"<p>Sin un acuerdo concreto culmin\u00f3 esta tarde la reuni\u00f3n entre las autoridades de la universidad San Marcos y estudiantes que lideran la toma de la ciudad universitaria. Lima, 18 Septiembre 2019, (ANDINA).- Sin un acuerdo concreto culmin\u00f3 esta tarde la reuni\u00f3n entre las autoridades de la universidad San Marcos y estudiantes que lideran la toma [&hellip;]<\/p>\n","protected":false},"author":1,"featured_media":57134,"comment_status":"open","ping_status":"open","sticky":false,"template":"","format":"standard","meta":{"rop_custom_images_group":[],"rop_custom_messages_group":[],"rop_publish_now":"initial","rop_publish_now_accounts":[],"rop_publish_now_history":[],"rop_publish_now_status":"pending","footnotes":""},"categories":[10],"tags":[2407],"class_list":["post-57133","post","type-post","status-publish","format-standard","has-post-thumbnail","hentry","category-actualidad-municipal","tag-universidad-nacional-mayor-de-san-marcos"],"_links":{"self":[{"href":"https:\/\/elinformanteperu.com\/index.php\/wp-json\/wp\/v2\/posts\/57133","targetHints":{"allow":["GET"]}}],"collection":[{"href":"https:\/\/elinformanteperu.com\/index.php\/wp-json\/wp\/v2\/posts"}],"about":[{"href":"https:\/\/elinformanteperu.com\/index.php\/wp-json\/wp\/v2\/types\/post"}],"author":[{"embeddable":true,"href":"https:\/\/elinformanteperu.com\/index.php\/wp-json\/wp\/v2\/users\/1"}],"replies":[{"embeddable":true,"href":"https:\/\/elinformanteperu.com\/index.php\/wp-json\/wp\/v2\/comments?post=57133"}],"version-history":[{"count":2,"href":"https:\/\/elinformanteperu.com\/index.php\/wp-json\/wp\/v2\/posts\/57133\/revisions"}],"predecessor-version":[{"id":57182,"href":"https:\/\/elinformanteperu.com\/index.php\/wp-json\/wp\/v2\/posts\/57133\/revisions\/57182"}],"wp:featuredmedia":[{"embeddable":true,"href":"https:\/\/elinformanteperu.com\/index.php\/wp-json\/wp\/v2\/media\/57134"}],"wp:attachment":[{"href":"https:\/\/elinformanteperu.com\/index.php\/wp-json\/wp\/v2\/media?parent=57133"}],"wp:term":[{"taxonomy":"category","embeddable":true,"href":"https:\/\/elinformanteperu.com\/index.php\/wp-json\/wp\/v2\/categories?post=57133"},{"taxonomy":"post_tag","embeddable":true,"href":"https:\/\/elinformanteperu.com\/index.php\/wp-json\/wp\/v2\/tags?post=57133"}],"curies":[{"name":"wp","href":"https:\/\/api.w.org\/{rel}","templated":true}]}}