{"id":57130,"date":"2019-09-18T22:19:19","date_gmt":"2019-09-19T03:19:19","guid":{"rendered":"http:\/\/elinformanteperu.com\/?p=57130"},"modified":"2019-09-18T22:19:19","modified_gmt":"2019-09-19T03:19:19","slug":"alcalde-de-distrito-ancashino-de-ponto-sufre-accidente-de-transito-y-esta-grave","status":"publish","type":"post","link":"https:\/\/elinformanteperu.com\/index.php\/2019\/09\/18\/alcalde-de-distrito-ancashino-de-ponto-sufre-accidente-de-transito-y-esta-grave\/","title":{"rendered":"Alcalde de distrito ancashino de Pont\u00f3 sufre accidente de tr\u00e1nsito y est\u00e1 grave"},"content":{"rendered":"<p><strong><span style=\"color: #000000;\">Delicado es el estado de salud de Miguel Jara Mogoll\u00f3n, alcalde del distrito ancashino de Pont\u00f3, en la provincia de Huari, luego de sufrir un accidente automovil\u00edstico.<\/span><\/strong><\/p>\n<p><span style=\"color: #000000;\"><strong>Chimbote, 18 Septiembre 2019, (ANDINA).-<\/strong> Delicado es el estado de salud de Miguel Jara Mogoll\u00f3n, alcalde del distrito ancashino de Pont\u00f3, en la provincia de Huari, luego de sufrir un accidente automovil\u00edstico en la carretera Panamericana Norte, a la altura de Huacho, en la provincia de Huaura, regi\u00f3n Lima, informaron fuentes policiales locales.<\/span><\/p>\n<p><span style=\"color: #000000;\">Seg\u00fan la informaci\u00f3n policial, el burgomaestre retornaba a \u00c1ncash procedente de Lima, luego de haber sostenido reuniones con funcionarios de diversas carteras del Ejecutivo en busca de proyectos para su pueblo.<\/span><\/p>\n<p><span style=\"color: #000000;\">Sin embargo, a la altura de Huacho la camioneta en la que se desplazaba choc\u00f3 violentamente contra un \u00f3mnibus y dio varias vueltas de campana provocando la tragedia.<\/span><\/p>\n<p><span style=\"color: #000000;\">Voceros de la comuna de Pont\u00f3 refirieron que el alcalde Jara Mogoll\u00f3n se encuentra internado en el hospital de Huacho y su pron\u00f3stico de salud es reservado.<\/span><\/p>\n","protected":false},"excerpt":{"rendered":"<p>Delicado es el estado de salud de Miguel Jara Mogoll\u00f3n, alcalde del distrito ancashino de Pont\u00f3, en la provincia de Huari, luego de sufrir un accidente automovil\u00edstico. Chimbote, 18 Septiembre 2019, (ANDINA).- Delicado es el estado de salud de Miguel Jara Mogoll\u00f3n, alcalde del distrito ancashino de Pont\u00f3, en la provincia de Huari, luego de [&hellip;]<\/p>\n","protected":false},"author":1,"featured_media":57131,"comment_status":"open","ping_status":"open","sticky":false,"template":"","format":"standard","meta":{"rop_custom_images_group":[],"rop_custom_messages_group":[],"rop_publish_now":"initial","rop_publish_now_accounts":[],"rop_publish_now_history":[],"rop_publish_now_status":"pending","footnotes":""},"categories":[10],"tags":[3621],"class_list":["post-57130","post","type-post","status-publish","format-standard","has-post-thumbnail","hentry","category-actualidad-municipal","tag-ancash"],"_links":{"self":[{"href":"https:\/\/elinformanteperu.com\/index.php\/wp-json\/wp\/v2\/posts\/57130","targetHints":{"allow":["GET"]}}],"collection":[{"href":"https:\/\/elinformanteperu.com\/index.php\/wp-json\/wp\/v2\/posts"}],"about":[{"href":"https:\/\/elinformanteperu.com\/index.php\/wp-json\/wp\/v2\/types\/post"}],"author":[{"embeddable":true,"href":"https:\/\/elinformanteperu.com\/index.php\/wp-json\/wp\/v2\/users\/1"}],"replies":[{"embeddable":true,"href":"https:\/\/elinformanteperu.com\/index.php\/wp-json\/wp\/v2\/comments?post=57130"}],"version-history":[{"count":1,"href":"https:\/\/elinformanteperu.com\/index.php\/wp-json\/wp\/v2\/posts\/57130\/revisions"}],"predecessor-version":[{"id":57132,"href":"https:\/\/elinformanteperu.com\/index.php\/wp-json\/wp\/v2\/posts\/57130\/revisions\/57132"}],"wp:featuredmedia":[{"embeddable":true,"href":"https:\/\/elinformanteperu.com\/index.php\/wp-json\/wp\/v2\/media\/57131"}],"wp:attachment":[{"href":"https:\/\/elinformanteperu.com\/index.php\/wp-json\/wp\/v2\/media?parent=57130"}],"wp:term":[{"taxonomy":"category","embeddable":true,"href":"https:\/\/elinformanteperu.com\/index.php\/wp-json\/wp\/v2\/categories?post=57130"},{"taxonomy":"post_tag","embeddable":true,"href":"https:\/\/elinformanteperu.com\/index.php\/wp-json\/wp\/v2\/tags?post=57130"}],"curies":[{"name":"wp","href":"https:\/\/api.w.org\/{rel}","templated":true}]}}