{"id":57128,"date":"2019-09-18T22:16:11","date_gmt":"2019-09-19T03:16:11","guid":{"rendered":"http:\/\/elinformanteperu.com\/?p=57128"},"modified":"2019-09-18T22:16:11","modified_gmt":"2019-09-19T03:16:11","slug":"ministro-de-cultura-machu-picchu-es-del-estado-y-de-todos-los-peruanos","status":"publish","type":"post","link":"https:\/\/elinformanteperu.com\/index.php\/2019\/09\/18\/ministro-de-cultura-machu-picchu-es-del-estado-y-de-todos-los-peruanos\/","title":{"rendered":"Ministro de Cultura: Machu Picchu es del Estado y de todos los peruanos"},"content":{"rendered":"<p><strong><span style=\"color: #000000;\">El Ministro de Cultura, Luis Jaime Castillo Butters, inform\u00f3 que la Corte Superior de Justicia del Cusco, declar\u00f3 infundada la demanda presentada por la familia Abril.<\/span><\/strong><\/p>\n<p><span style=\"color: #000000;\"><strong>Lima, 18 Septiembre 2019, (El Informante Per\u00fa).-<\/strong> El Ministro de Cultura, Luis Jaime Castillo Butters, inform\u00f3 que la Corte Superior de Justicia del Cusco, declar\u00f3 infundada la demanda presentada por la familia Abril, quienes por a\u00f1os aseguraron ser due\u00f1os de Machu Picchu y del terreno en el que los incas construyeron la ciudadela.<\/span><\/p>\n<p><span style=\"color: #000000;\">Al respecto el ministro de Cultura, salud\u00f3 esta sentencia la cual ven\u00eda siendo planteada desde hace m\u00e1s de 15 a\u00f1os \u201cFue una contienda larga, el demostrar que el complejo arqueol\u00f3gico es de propiedad del Estado y no de propiedad privada fue muy tedioso, sin embargo hoy anunciamos que Machu Picchu es del Estado Peruano y de todos los peruanos\u201d, indic\u00f3 el titular de Cultura<\/span><\/p>\n<p><span style=\"color: #000000;\">Precis\u00f3 que al igual que este litigio hubo otros, los cuales se extendieron por a\u00f1os, como el caso de la familia Zavaleta. \u201cEstos litigios que se dieron en el Cusco eran una suerte de espada de Damocles para el Estado Peruano, pero este Dictamen es contundente y pone fin a cualquier duda sobre esta ciudadela considerada como una de las maravillas del mundo moderno.<\/span><\/p>\n<p><span style=\"color: #000000;\">Es importante recordar que el problema surge en el a\u00f1o 2003 cuando Roxana Abril, interpuso una demanda de reivindicaci\u00f3n de la propiedad contra el Estado Peruano para que le devuelvan el terreno, el cual argumentaba hab\u00eda sido de propiedad de sus familiares. Este terreno esta ubicado en el sure\u00f1o Cusco.<\/span><\/p>\n","protected":false},"excerpt":{"rendered":"<p>El Ministro de Cultura, Luis Jaime Castillo Butters, inform\u00f3 que la Corte Superior de Justicia del Cusco, declar\u00f3 infundada la demanda presentada por la familia Abril. Lima, 18 Septiembre 2019, (El Informante Per\u00fa).- El Ministro de Cultura, Luis Jaime Castillo Butters, inform\u00f3 que la Corte Superior de Justicia del Cusco, declar\u00f3 infundada la demanda presentada [&hellip;]<\/p>\n","protected":false},"author":1,"featured_media":3553,"comment_status":"open","ping_status":"open","sticky":false,"template":"","format":"standard","meta":{"rop_custom_images_group":[],"rop_custom_messages_group":[],"rop_publish_now":"initial","rop_publish_now_accounts":[],"rop_publish_now_history":[],"rop_publish_now_status":"pending","footnotes":""},"categories":[10],"tags":[1226,105],"class_list":["post-57128","post","type-post","status-publish","format-standard","has-post-thumbnail","hentry","category-actualidad-municipal","tag-cusco","tag-ministerio-de-cultura"],"_links":{"self":[{"href":"https:\/\/elinformanteperu.com\/index.php\/wp-json\/wp\/v2\/posts\/57128","targetHints":{"allow":["GET"]}}],"collection":[{"href":"https:\/\/elinformanteperu.com\/index.php\/wp-json\/wp\/v2\/posts"}],"about":[{"href":"https:\/\/elinformanteperu.com\/index.php\/wp-json\/wp\/v2\/types\/post"}],"author":[{"embeddable":true,"href":"https:\/\/elinformanteperu.com\/index.php\/wp-json\/wp\/v2\/users\/1"}],"replies":[{"embeddable":true,"href":"https:\/\/elinformanteperu.com\/index.php\/wp-json\/wp\/v2\/comments?post=57128"}],"version-history":[{"count":1,"href":"https:\/\/elinformanteperu.com\/index.php\/wp-json\/wp\/v2\/posts\/57128\/revisions"}],"predecessor-version":[{"id":57129,"href":"https:\/\/elinformanteperu.com\/index.php\/wp-json\/wp\/v2\/posts\/57128\/revisions\/57129"}],"wp:featuredmedia":[{"embeddable":true,"href":"https:\/\/elinformanteperu.com\/index.php\/wp-json\/wp\/v2\/media\/3553"}],"wp:attachment":[{"href":"https:\/\/elinformanteperu.com\/index.php\/wp-json\/wp\/v2\/media?parent=57128"}],"wp:term":[{"taxonomy":"category","embeddable":true,"href":"https:\/\/elinformanteperu.com\/index.php\/wp-json\/wp\/v2\/categories?post=57128"},{"taxonomy":"post_tag","embeddable":true,"href":"https:\/\/elinformanteperu.com\/index.php\/wp-json\/wp\/v2\/tags?post=57128"}],"curies":[{"name":"wp","href":"https:\/\/api.w.org\/{rel}","templated":true}]}}