{"id":56783,"date":"2019-09-11T20:28:43","date_gmt":"2019-09-12T01:28:43","guid":{"rendered":"http:\/\/elinformanteperu.com\/?p=56783"},"modified":"2019-09-11T20:28:43","modified_gmt":"2019-09-12T01:28:43","slug":"lambayeque-prision-de-por-vida-para-sujeto-que-abuso-de-su-sobrina","status":"publish","type":"post","link":"https:\/\/elinformanteperu.com\/index.php\/2019\/09\/11\/lambayeque-prision-de-por-vida-para-sujeto-que-abuso-de-su-sobrina\/","title":{"rendered":"Lambayeque: prisi\u00f3n de por vida para sujeto que abus\u00f3 de su sobrina"},"content":{"rendered":"<p><strong><span style=\"color: #000000;\">La Corte Superior de Justicia de Lambayeque conden\u00f3 a cadena perpetua a Jorge Vel\u00e1squez Rodrigo (46) por abusar de su sobrina cuando la menor ten\u00eda 11 a\u00f1os.<\/span><\/strong><\/p>\n<p><span style=\"color: #000000;\"><strong>Lima, 11 Septiembre 2019, (ANDINA).-<\/strong> La Corte Superior de Justicia de Lambayeque conden\u00f3 a cadena perpetua a Jorge Vel\u00e1squez Rodrigo (46) por abusar de su sobrina cuando la menor ten\u00eda 11 a\u00f1os.<\/span><\/p>\n<p><span style=\"color: #000000;\">El magistrado de la Segunda Fiscal\u00eda Provincial Penal Corporativa de Chiclayo, Carlos C\u00e1ceres, demostr\u00f3 que Jorge Vel\u00e1squez abus\u00f3 sexualmente de su sobrina en el 2015, cuando la menor ten\u00eda 11 a\u00f1os.<\/span><\/p>\n<p><span style=\"color: #000000;\">El hecho ocurri\u00f3 en la vivienda que ambos compart\u00edan en el distrito de Pomalca, provincia lambayecana de Chiclayo.<\/span><\/p>\n<p><span style=\"color: #000000;\">Tambi\u00e9n consigui\u00f3 que Mois\u00e9s Alexis Coronel Su\u00e1rez (23), interno en el penal de Chiclayo, sea sentenciado a 22 a\u00f1os con seis meses de pena privativa de la libertad por abusar de una menor en el 2017.<\/span><\/p>\n<p><span style=\"color: #000000;\">Los hechos fueron descubiertos en marzo del 2017, cuando la menor agraviada decidi\u00f3 contar lo sucedido a su madre.<\/span><\/p>\n<p><span style=\"color: #000000;\">El fiscal acredit\u00f3 la responsabilidad de los acusados con el acta de entrevista \u00fanica, el dictamen pericial psicol\u00f3gico y declaraci\u00f3n en juicio de la v\u00edctima, adem\u00e1s del dictamen pericial psicol\u00f3gico practicado al acusado Jorge Vel\u00e1squez, entre otros medios probatorios.<\/span><\/p>\n<p><span style=\"color: #000000;\">En adelanto de fallo el colegiado orden\u00f3 la ubicaci\u00f3n y captura del acusado Jorge Vel\u00e1squez.<\/span><\/p>\n","protected":false},"excerpt":{"rendered":"<p>La Corte Superior de Justicia de Lambayeque conden\u00f3 a cadena perpetua a Jorge Vel\u00e1squez Rodrigo (46) por abusar de su sobrina cuando la menor ten\u00eda 11 a\u00f1os. Lima, 11 Septiembre 2019, (ANDINA).- La Corte Superior de Justicia de Lambayeque conden\u00f3 a cadena perpetua a Jorge Vel\u00e1squez Rodrigo (46) por abusar de su sobrina cuando la [&hellip;]<\/p>\n","protected":false},"author":1,"featured_media":33310,"comment_status":"open","ping_status":"open","sticky":false,"template":"","format":"standard","meta":{"rop_custom_images_group":[],"rop_custom_messages_group":[],"rop_publish_now":"initial","rop_publish_now_accounts":[],"rop_publish_now_history":[],"rop_publish_now_status":"pending","footnotes":""},"categories":[10],"tags":[3861],"class_list":["post-56783","post","type-post","status-publish","format-standard","has-post-thumbnail","hentry","category-actualidad-municipal","tag-lambayeque"],"_links":{"self":[{"href":"https:\/\/elinformanteperu.com\/index.php\/wp-json\/wp\/v2\/posts\/56783","targetHints":{"allow":["GET"]}}],"collection":[{"href":"https:\/\/elinformanteperu.com\/index.php\/wp-json\/wp\/v2\/posts"}],"about":[{"href":"https:\/\/elinformanteperu.com\/index.php\/wp-json\/wp\/v2\/types\/post"}],"author":[{"embeddable":true,"href":"https:\/\/elinformanteperu.com\/index.php\/wp-json\/wp\/v2\/users\/1"}],"replies":[{"embeddable":true,"href":"https:\/\/elinformanteperu.com\/index.php\/wp-json\/wp\/v2\/comments?post=56783"}],"version-history":[{"count":1,"href":"https:\/\/elinformanteperu.com\/index.php\/wp-json\/wp\/v2\/posts\/56783\/revisions"}],"predecessor-version":[{"id":56784,"href":"https:\/\/elinformanteperu.com\/index.php\/wp-json\/wp\/v2\/posts\/56783\/revisions\/56784"}],"wp:featuredmedia":[{"embeddable":true,"href":"https:\/\/elinformanteperu.com\/index.php\/wp-json\/wp\/v2\/media\/33310"}],"wp:attachment":[{"href":"https:\/\/elinformanteperu.com\/index.php\/wp-json\/wp\/v2\/media?parent=56783"}],"wp:term":[{"taxonomy":"category","embeddable":true,"href":"https:\/\/elinformanteperu.com\/index.php\/wp-json\/wp\/v2\/categories?post=56783"},{"taxonomy":"post_tag","embeddable":true,"href":"https:\/\/elinformanteperu.com\/index.php\/wp-json\/wp\/v2\/tags?post=56783"}],"curies":[{"name":"wp","href":"https:\/\/api.w.org\/{rel}","templated":true}]}}