{"id":56780,"date":"2019-09-11T20:24:31","date_gmt":"2019-09-12T01:24:31","guid":{"rendered":"http:\/\/elinformanteperu.com\/?p=56780"},"modified":"2019-09-11T20:24:31","modified_gmt":"2019-09-12T01:24:31","slug":"ica-descubren-nueva-especie-de-lagartija-en-la-reserva-nacional-san-fernando","status":"publish","type":"post","link":"https:\/\/elinformanteperu.com\/index.php\/2019\/09\/11\/ica-descubren-nueva-especie-de-lagartija-en-la-reserva-nacional-san-fernando\/","title":{"rendered":"Ica: Descubren nueva especie de lagartija en la Reserva Nacional San Fernando"},"content":{"rendered":"<p><strong><span style=\"color: #000000;\">Un equipo de investigadores peruanos descubri\u00f3 una nueva especie de lagartija en la Reserva Nacional de San Fernando (RNSF), en la Regi\u00f3n Ica.<\/span><\/strong><\/p>\n<p><span style=\"color: #000000;\"><strong>Lima, 11 Septiembre 2019, (El Informante Per\u00fa).-<\/strong> Un equipo de investigadores peruanos descubri\u00f3 una nueva especie de lagartija en la Reserva Nacional de San Fernando (RNSF), en la Regi\u00f3n Ica, inform\u00f3 el Servicio Nacional de \u00c1reas Naturales Protegidas por el Estado (Sernanp), organismo adscrito al Ministerio del Ambiente (Minam).<\/span><\/p>\n<p><span style=\"color: #000000;\">Se trata de la lagartija Liolaemus nazca, que habita \u00fanicamente en la provincia de Nazca, entre los 450 y 700 msnm, y que constituye una de las 60 especies de Liolaemus del grupo L. montanus conocidos.<\/span><\/p>\n<p><span style=\"color: #000000;\">El hallazgo se realiz\u00f3 como parte de un minucioso trabajo de campo, cuyas muestras fueron registradas en el Bean Life Science Museum en Brigham Young University (BYU) y el Museo de Historia Natural de San Marcos (MUSM).\u00a0 <\/span><span style=\"color: #000000;\">Esta lagartija de \u201cNazca\u00bb fue encontrada junto a otras tres especies de lagartos en ecosistemas de suelos arenosos y vegetaci\u00f3n de arbustos bajos.<\/span><\/p>\n<p><span style=\"color: #000000;\">La lagartija presenta escamas dorsales ligeramente quilladas en el cuerpo; en cuanto a la coloraci\u00f3n, posee escamas verdes y turquesas en los flancos del cuerpo rodeadas de escamas amarillas y negras.<\/span><\/p>\n<p><span style=\"color: #000000;\">Este registro se suma a otros hallazgos realizados a nivel nacional en \u00e1reas naturales protegidas, con descubrimientos que han revolucionado la comunidad cient\u00edfica con especies nuevas para la ciencia, como las encontradas en el Parque Nacional Bahuaja Sonene (Madre de Dios) y la Reserva Comunal El Sira (Hu\u00e1nuco, Pasco y Ucayali), entre otras.<\/span><\/p>\n<p><span style=\"color: #000000;\">El Sernanp indic\u00f3 que el reporte de nuevas especies en estos espacios demuestra que las \u00e1reas naturales protegidas ofrecen condiciones extraordinarias para la conservaci\u00f3n de la diversidad biol\u00f3gica del Per\u00fa, que en muchos casos es a\u00fan desconocida. Sin duda, este nuevo hallazgo contribuir\u00e1 a la actualizaci\u00f3n del Plan Maestro de la RNSF, as\u00ed como permitir\u00e1 adoptar decisiones estrat\u00e9gicas en la gesti\u00f3n y manejo del \u00e1rea.<\/span><\/p>\n","protected":false},"excerpt":{"rendered":"<p>Un equipo de investigadores peruanos descubri\u00f3 una nueva especie de lagartija en la Reserva Nacional de San Fernando (RNSF), en la Regi\u00f3n Ica. Lima, 11 Septiembre 2019, (El Informante Per\u00fa).- Un equipo de investigadores peruanos descubri\u00f3 una nueva especie de lagartija en la Reserva Nacional de San Fernando (RNSF), en la Regi\u00f3n Ica, inform\u00f3 el [&hellip;]<\/p>\n","protected":false},"author":1,"featured_media":56781,"comment_status":"open","ping_status":"open","sticky":false,"template":"","format":"standard","meta":{"rop_custom_images_group":[],"rop_custom_messages_group":[],"rop_publish_now":"initial","rop_publish_now_accounts":[],"rop_publish_now_history":[],"rop_publish_now_status":"pending","footnotes":""},"categories":[10],"tags":[368,367,103],"class_list":["post-56780","post","type-post","status-publish","format-standard","has-post-thumbnail","hentry","category-actualidad-municipal","tag-minam","tag-ministerio-del-ambiente","tag-sernanp"],"_links":{"self":[{"href":"https:\/\/elinformanteperu.com\/index.php\/wp-json\/wp\/v2\/posts\/56780","targetHints":{"allow":["GET"]}}],"collection":[{"href":"https:\/\/elinformanteperu.com\/index.php\/wp-json\/wp\/v2\/posts"}],"about":[{"href":"https:\/\/elinformanteperu.com\/index.php\/wp-json\/wp\/v2\/types\/post"}],"author":[{"embeddable":true,"href":"https:\/\/elinformanteperu.com\/index.php\/wp-json\/wp\/v2\/users\/1"}],"replies":[{"embeddable":true,"href":"https:\/\/elinformanteperu.com\/index.php\/wp-json\/wp\/v2\/comments?post=56780"}],"version-history":[{"count":1,"href":"https:\/\/elinformanteperu.com\/index.php\/wp-json\/wp\/v2\/posts\/56780\/revisions"}],"predecessor-version":[{"id":56782,"href":"https:\/\/elinformanteperu.com\/index.php\/wp-json\/wp\/v2\/posts\/56780\/revisions\/56782"}],"wp:featuredmedia":[{"embeddable":true,"href":"https:\/\/elinformanteperu.com\/index.php\/wp-json\/wp\/v2\/media\/56781"}],"wp:attachment":[{"href":"https:\/\/elinformanteperu.com\/index.php\/wp-json\/wp\/v2\/media?parent=56780"}],"wp:term":[{"taxonomy":"category","embeddable":true,"href":"https:\/\/elinformanteperu.com\/index.php\/wp-json\/wp\/v2\/categories?post=56780"},{"taxonomy":"post_tag","embeddable":true,"href":"https:\/\/elinformanteperu.com\/index.php\/wp-json\/wp\/v2\/tags?post=56780"}],"curies":[{"name":"wp","href":"https:\/\/api.w.org\/{rel}","templated":true}]}}