{"id":56467,"date":"2019-09-05T23:16:57","date_gmt":"2019-09-06T04:16:57","guid":{"rendered":"http:\/\/elinformanteperu.com\/?p=56467"},"modified":"2019-09-05T23:16:57","modified_gmt":"2019-09-06T04:16:57","slug":"camila-cabello-estrena-dos-temas-de-su-album-romance","status":"publish","type":"post","link":"https:\/\/elinformanteperu.com\/index.php\/2019\/09\/05\/camila-cabello-estrena-dos-temas-de-su-album-romance\/","title":{"rendered":"Camila Cabello estrena dos temas de su \u00e1lbum Romance"},"content":{"rendered":"<p><strong><span style=\"color: #000000;\">La cantante Camila Cabello estren\u00f3 en plataformas digitales dos temas que estar\u00e1n incluidos en su segundo \u00e1lbum de estudio titulado Romance.<\/span><\/strong><\/p>\n<p><span style=\"color: #000000;\"><strong>Los \u00c1ngeles, 05 Septiembre 2019, (Prensa Latina).-<\/strong> La cantante Camila Cabello estren\u00f3 en plataformas digitales dos temas que estar\u00e1n incluidos en su segundo \u00e1lbum de estudio titulado Romance.<\/span><\/p>\n<p><span style=\"color: #000000;\">&#8216;Liar&#8217; y &#8216;Shameless&#8217; son los primeros adelantos del material, a\u00fan sin fecha de lanzamiento, y que solo a horas de su publicaci\u00f3n acumulan miles de reproducciones en YouTube.<\/span><\/p>\n<p><span style=\"color: #000000;\">Al referirse al nuevo proyecto la int\u00e9rprete del exitoso hit &#8216;Havana&#8217; apunt\u00f3 que las letras de las canciones se basan en experiencias vividas durante los dos \u00faltimos a\u00f1os, &#8216;hace tiempo decid\u00ed titularlo Romance, porque en ellas hablo de enamorarse&#8217;, acot\u00f3.<\/span><\/p>\n<p><span style=\"color: #000000;\">El sencillo Shameless lleg\u00f3 acompa\u00f1ado de un video clip dirigido por Henry Scholfield que cuenta con m\u00e1s de dos millones de visualizaciones en la plataforma.<\/span><\/p>\n<p><span style=\"color: #000000;\">Cabello es una cantautora cubano-estadounidense que form\u00f3 parte del grupo Fifth Harmony, junto al que grab\u00f3 dos \u00e1lbumes de estudio.<\/span><\/p>\n<p><span style=\"color: #000000;\">En 2016 emprendi\u00f3 su carrera en solitario y desde entonces ha colaborado con varios artistas, entre ellos, Ed Sheeran y Shawn Mendes, adem\u00e1s se ha presentado con gran \u00e9xito en diversas plazas del mundo.<\/span><\/p>\n<p><iframe title=\"Camila Cabello - Shameless (Official Video)\" width=\"615\" height=\"346\" src=\"https:\/\/www.youtube.com\/embed\/Fp_P_e1cPOE?feature=oembed\" frameborder=\"0\" allow=\"accelerometer; autoplay; clipboard-write; encrypted-media; gyroscope; picture-in-picture; web-share\" referrerpolicy=\"strict-origin-when-cross-origin\" allowfullscreen><\/iframe><\/p>\n","protected":false},"excerpt":{"rendered":"<p>La cantante Camila Cabello estren\u00f3 en plataformas digitales dos temas que estar\u00e1n incluidos en su segundo \u00e1lbum de estudio titulado Romance. Los \u00c1ngeles, 05 Septiembre 2019, (Prensa Latina).- La cantante Camila Cabello estren\u00f3 en plataformas digitales dos temas que estar\u00e1n incluidos en su segundo \u00e1lbum de estudio titulado Romance. &#8216;Liar&#8217; y &#8216;Shameless&#8217; son los primeros [&hellip;]<\/p>\n","protected":false},"author":1,"featured_media":56468,"comment_status":"open","ping_status":"open","sticky":false,"template":"","format":"standard","meta":{"rop_custom_images_group":[],"rop_custom_messages_group":[],"rop_publish_now":"initial","rop_publish_now_accounts":[],"rop_publish_now_history":[],"rop_publish_now_status":"pending","footnotes":""},"categories":[69],"tags":[2708],"class_list":["post-56467","post","type-post","status-publish","format-standard","has-post-thumbnail","hentry","category-musica","tag-camila-cabello"],"_links":{"self":[{"href":"https:\/\/elinformanteperu.com\/index.php\/wp-json\/wp\/v2\/posts\/56467","targetHints":{"allow":["GET"]}}],"collection":[{"href":"https:\/\/elinformanteperu.com\/index.php\/wp-json\/wp\/v2\/posts"}],"about":[{"href":"https:\/\/elinformanteperu.com\/index.php\/wp-json\/wp\/v2\/types\/post"}],"author":[{"embeddable":true,"href":"https:\/\/elinformanteperu.com\/index.php\/wp-json\/wp\/v2\/users\/1"}],"replies":[{"embeddable":true,"href":"https:\/\/elinformanteperu.com\/index.php\/wp-json\/wp\/v2\/comments?post=56467"}],"version-history":[{"count":1,"href":"https:\/\/elinformanteperu.com\/index.php\/wp-json\/wp\/v2\/posts\/56467\/revisions"}],"predecessor-version":[{"id":56469,"href":"https:\/\/elinformanteperu.com\/index.php\/wp-json\/wp\/v2\/posts\/56467\/revisions\/56469"}],"wp:featuredmedia":[{"embeddable":true,"href":"https:\/\/elinformanteperu.com\/index.php\/wp-json\/wp\/v2\/media\/56468"}],"wp:attachment":[{"href":"https:\/\/elinformanteperu.com\/index.php\/wp-json\/wp\/v2\/media?parent=56467"}],"wp:term":[{"taxonomy":"category","embeddable":true,"href":"https:\/\/elinformanteperu.com\/index.php\/wp-json\/wp\/v2\/categories?post=56467"},{"taxonomy":"post_tag","embeddable":true,"href":"https:\/\/elinformanteperu.com\/index.php\/wp-json\/wp\/v2\/tags?post=56467"}],"curies":[{"name":"wp","href":"https:\/\/api.w.org\/{rel}","templated":true}]}}