{"id":56386,"date":"2019-09-03T23:04:26","date_gmt":"2019-09-04T04:04:26","guid":{"rendered":"http:\/\/elinformanteperu.com\/?p=56386"},"modified":"2019-09-03T23:50:23","modified_gmt":"2019-09-04T04:50:23","slug":"proyecto-de-adelanto-de-elecciones-debe-ser-tratado-con-prontitud-afirma-olaechea","status":"publish","type":"post","link":"https:\/\/elinformanteperu.com\/index.php\/2019\/09\/03\/proyecto-de-adelanto-de-elecciones-debe-ser-tratado-con-prontitud-afirma-olaechea\/","title":{"rendered":"Proyecto de adelanto de elecciones debe ser tratado con prontitud, afirma Olaechea"},"content":{"rendered":"<p><strong><span style=\"color: #000000;\">El presidente del Congreso, Pedro Olaechea, afirm\u00f3 que el proyecto de ley que present\u00f3 el Poder Ejecutivo para recortar el mandato presidencial debe ser tratado con prontitud.<\/span><\/strong><\/p>\n<p><span style=\"color: #000000;\"><strong>Lima, 03 Septiembre 2019, (ANDINA).-<\/strong> El presidente del Congreso, Pedro Olaechea, afirm\u00f3 que el proyecto de ley que present\u00f3 el Poder Ejecutivo para recortar el mandato presidencial y congresal al 2020 debe ser tratado con la mayor prontitud.<\/span><\/p>\n<p><span style=\"color: #000000;\">Luego de reunirse con el presidente de la Rep\u00fablica, Mart\u00edn Vizcarra, el titular de Congreso refiri\u00f3 que en la cita en Palacio de Gobierno se acord\u00f3 impulsar dos agendas, una referida al proyecto de reforma constitucional para el adelanto de elecciones y otra que incluye temas econ\u00f3micos, de productividad, de seguridad y la reconstrucci\u00f3n del norte.<\/span><\/p>\n<p><span style=\"color: #000000;\">Sobre el proyecto de adelanto de elecciones generales sostuvo que \u00abdebe ser tratado con la mayor prontitud\u00bb.<\/span><\/p>\n<p><span style=\"color: #000000;\">Asimismo, afirm\u00f3 que los puntos incluidos en ambas agendas \u00abhan sido, son y ser\u00e1n tratados dentro del marco constitucional\u00bb.<\/span><\/p>\n<p><span style=\"color: #000000;\">Olaechea inform\u00f3 tambi\u00e9n que el di\u00e1logo con el jefe del Estado continuar\u00e1 en los siguientes d\u00edas y de manera frecuente.<\/span><\/p>\n<p><span style=\"color: #000000;\">\u00abTenemos que dar la siguientes buenas noticias a todo el Per\u00fa, hemos asistido al di\u00e1logo con el se\u00f1or presidente de la Rep\u00fablica, el mismo que continuar\u00e1 en los siguientes d\u00edas, de manera frecuente\u00bb, expres\u00f3 en declaraciones a la prensa desde el Hall de los Pasos Perdidos.<\/span><\/p>\n<p><span style=\"color: #000000;\">El jefe de Estado y el titular del Congreso sostuvieron esta tarde un encuentro privado por un espacio de media hora en Palacio de Gobierno, tras lo cual se unieron el presidente del Consejo de Ministros, Salvador del Solar; y los titulares de Justicia, Vicente Zeballos, y de Econom\u00eda, Carlos Oliva.<\/span><\/p>\n<p><span style=\"color: #000000;\">El pasado 31 de julio, el Poder Ejecutivo present\u00f3 un proyecto de ley de reforma constitucional para recortar el mandato presidencial y congresal al 2020 como una salida a la crisis pol\u00edtica que atraviesa el pa\u00eds.<\/span><\/p>\n<p><iframe title=\"Pedro Olaechea: \u2018Recorte de mandato presidencial debe ser tratado con prontitud\u2019\" width=\"615\" height=\"346\" src=\"https:\/\/www.youtube.com\/embed\/hIPn2uvQRpg?feature=oembed\" frameborder=\"0\" allow=\"accelerometer; autoplay; clipboard-write; encrypted-media; gyroscope; picture-in-picture; web-share\" referrerpolicy=\"strict-origin-when-cross-origin\" allowfullscreen><\/iframe><\/p>\n","protected":false},"excerpt":{"rendered":"<p>El presidente del Congreso, Pedro Olaechea, afirm\u00f3 que el proyecto de ley que present\u00f3 el Poder Ejecutivo para recortar el mandato presidencial debe ser tratado con prontitud. Lima, 03 Septiembre 2019, (ANDINA).- El presidente del Congreso, Pedro Olaechea, afirm\u00f3 que el proyecto de ley que present\u00f3 el Poder Ejecutivo para recortar el mandato presidencial y [&hellip;]<\/p>\n","protected":false},"author":1,"featured_media":56387,"comment_status":"open","ping_status":"open","sticky":false,"template":"","format":"standard","meta":{"rop_custom_images_group":[],"rop_custom_messages_group":[],"rop_publish_now":"initial","rop_publish_now_accounts":[],"rop_publish_now_history":[],"rop_publish_now_status":"pending","footnotes":""},"categories":[5],"tags":[192,289,2176],"class_list":["post-56386","post","type-post","status-publish","format-standard","has-post-thumbnail","hentry","category-actualidad-informativa","tag-congreso","tag-martin-vizcarra","tag-pedro-olaechea"],"_links":{"self":[{"href":"https:\/\/elinformanteperu.com\/index.php\/wp-json\/wp\/v2\/posts\/56386","targetHints":{"allow":["GET"]}}],"collection":[{"href":"https:\/\/elinformanteperu.com\/index.php\/wp-json\/wp\/v2\/posts"}],"about":[{"href":"https:\/\/elinformanteperu.com\/index.php\/wp-json\/wp\/v2\/types\/post"}],"author":[{"embeddable":true,"href":"https:\/\/elinformanteperu.com\/index.php\/wp-json\/wp\/v2\/users\/1"}],"replies":[{"embeddable":true,"href":"https:\/\/elinformanteperu.com\/index.php\/wp-json\/wp\/v2\/comments?post=56386"}],"version-history":[{"count":2,"href":"https:\/\/elinformanteperu.com\/index.php\/wp-json\/wp\/v2\/posts\/56386\/revisions"}],"predecessor-version":[{"id":56389,"href":"https:\/\/elinformanteperu.com\/index.php\/wp-json\/wp\/v2\/posts\/56386\/revisions\/56389"}],"wp:featuredmedia":[{"embeddable":true,"href":"https:\/\/elinformanteperu.com\/index.php\/wp-json\/wp\/v2\/media\/56387"}],"wp:attachment":[{"href":"https:\/\/elinformanteperu.com\/index.php\/wp-json\/wp\/v2\/media?parent=56386"}],"wp:term":[{"taxonomy":"category","embeddable":true,"href":"https:\/\/elinformanteperu.com\/index.php\/wp-json\/wp\/v2\/categories?post=56386"},{"taxonomy":"post_tag","embeddable":true,"href":"https:\/\/elinformanteperu.com\/index.php\/wp-json\/wp\/v2\/tags?post=56386"}],"curies":[{"name":"wp","href":"https:\/\/api.w.org\/{rel}","templated":true}]}}