{"id":56381,"date":"2019-09-03T22:59:05","date_gmt":"2019-09-04T03:59:05","guid":{"rendered":"http:\/\/elinformanteperu.com\/?p=56381"},"modified":"2019-09-03T22:59:05","modified_gmt":"2019-09-04T03:59:05","slug":"roberto-vieira-fue-suspendido-por-120-dias-por-el-pleno-del-congreso","status":"publish","type":"post","link":"https:\/\/elinformanteperu.com\/index.php\/2019\/09\/03\/roberto-vieira-fue-suspendido-por-120-dias-por-el-pleno-del-congreso\/","title":{"rendered":"Roberto Vieira fue suspendido por 120 d\u00edas por el pleno del Congreso"},"content":{"rendered":"<p><strong><span style=\"color: #000000;\">El pleno del Congreso aprob\u00f3 por mayor\u00eda el informe final de la Comisi\u00f3n de \u00c9tica Parlamentaria que recomienda la suspensi\u00f3n del congresista Roberto Vieira por 120 d\u00edas.<\/span><\/strong><\/p>\n<p><span style=\"color: #000000;\"><strong>Lima, 03 Septiembre 2019, (ANDINA).-<\/strong> El pleno del Congreso aprob\u00f3 por mayor\u00eda el informe final de la Comisi\u00f3n de \u00c9tica Parlamentaria que recomienda la suspensi\u00f3n del congresista de Cambio 21 Roberto Vieira por 120 d\u00edas.<\/span><\/p>\n<p><span style=\"color: #000000;\">El informe del grupo de trabajo obtuvo 74 votos a favor, 5 en contra y 3 abstenciones. Previamente, el mismo Vieira solicit\u00f3 una cuesti\u00f3n previa para que su caso retorne a la comisi\u00f3n, pero fue rechazado.<\/span><\/p>\n<p><span style=\"color: #000000;\">Durante su ejercicio de derecho a defensa, el legislador neg\u00f3 haber cometido alg\u00fan tipo de il\u00edcito y culp\u00f3 a su primo, al quien habr\u00eda pedido un dinero para levantar una sanci\u00f3n pesquera, de estar detr\u00e1s de una conspiraci\u00f3n para desprestigiarlo.<\/span><\/p>\n<p><span style=\"color: #000000;\">\u201cPor un acto de justicia vean mis antecedentes, esto se trata de un esc\u00e1ndalo familiar, no tengo nada de que temer a las investigaciones en mi contra\u201d, se\u00f1al\u00f3 Vieira quien tuvo m\u00e1s de 30 minutos de exposici\u00f3n.<\/span><\/p>\n<p><span style=\"color: #000000;\">Como se recuerda, Vieira fue denunciado por su primo Guillermo Venegas, quien afirm\u00f3 que el congresista no agrupado le solicit\u00f3 dinero a cambio de intervenir a su favor en la sanci\u00f3n que le hab\u00eda impuesto el Ministerio de la Producci\u00f3n.<\/span><\/p>\n<p><span style=\"color: #000000;\">Seg\u00fan la acusaci\u00f3n hecha por el empresario en un programa televisivo, Vieira le pidi\u00f3 25,000 d\u00f3lares con la finalidad de buscar la resoluci\u00f3n que sancionaba a su embarcaci\u00f3n.<\/span><\/p>\n","protected":false},"excerpt":{"rendered":"<p>El pleno del Congreso aprob\u00f3 por mayor\u00eda el informe final de la Comisi\u00f3n de \u00c9tica Parlamentaria que recomienda la suspensi\u00f3n del congresista Roberto Vieira por 120 d\u00edas. Lima, 03 Septiembre 2019, (ANDINA).- El pleno del Congreso aprob\u00f3 por mayor\u00eda el informe final de la Comisi\u00f3n de \u00c9tica Parlamentaria que recomienda la suspensi\u00f3n del congresista de [&hellip;]<\/p>\n","protected":false},"author":1,"featured_media":46030,"comment_status":"open","ping_status":"open","sticky":false,"template":"","format":"standard","meta":{"rop_custom_images_group":[],"rop_custom_messages_group":[],"rop_publish_now":"initial","rop_publish_now_accounts":[],"rop_publish_now_history":[],"rop_publish_now_status":"pending","footnotes":""},"categories":[5],"tags":[192,164],"class_list":["post-56381","post","type-post","status-publish","format-standard","has-post-thumbnail","hentry","category-actualidad-informativa","tag-congreso","tag-roberto-vieira"],"_links":{"self":[{"href":"https:\/\/elinformanteperu.com\/index.php\/wp-json\/wp\/v2\/posts\/56381","targetHints":{"allow":["GET"]}}],"collection":[{"href":"https:\/\/elinformanteperu.com\/index.php\/wp-json\/wp\/v2\/posts"}],"about":[{"href":"https:\/\/elinformanteperu.com\/index.php\/wp-json\/wp\/v2\/types\/post"}],"author":[{"embeddable":true,"href":"https:\/\/elinformanteperu.com\/index.php\/wp-json\/wp\/v2\/users\/1"}],"replies":[{"embeddable":true,"href":"https:\/\/elinformanteperu.com\/index.php\/wp-json\/wp\/v2\/comments?post=56381"}],"version-history":[{"count":1,"href":"https:\/\/elinformanteperu.com\/index.php\/wp-json\/wp\/v2\/posts\/56381\/revisions"}],"predecessor-version":[{"id":56382,"href":"https:\/\/elinformanteperu.com\/index.php\/wp-json\/wp\/v2\/posts\/56381\/revisions\/56382"}],"wp:featuredmedia":[{"embeddable":true,"href":"https:\/\/elinformanteperu.com\/index.php\/wp-json\/wp\/v2\/media\/46030"}],"wp:attachment":[{"href":"https:\/\/elinformanteperu.com\/index.php\/wp-json\/wp\/v2\/media?parent=56381"}],"wp:term":[{"taxonomy":"category","embeddable":true,"href":"https:\/\/elinformanteperu.com\/index.php\/wp-json\/wp\/v2\/categories?post=56381"},{"taxonomy":"post_tag","embeddable":true,"href":"https:\/\/elinformanteperu.com\/index.php\/wp-json\/wp\/v2\/tags?post=56381"}],"curies":[{"name":"wp","href":"https:\/\/api.w.org\/{rel}","templated":true}]}}